{"id":8907,"date":"2014-05-22T03:00:58","date_gmt":"2014-05-22T02:00:58","guid":{"rendered":"http:\/\/sven-ove.nu\/?p=8907"},"modified":"2014-05-21T17:41:29","modified_gmt":"2014-05-21T16:41:29","slug":"min-korkade-formulering","status":"publish","type":"post","link":"https:\/\/sven-ove.nu\/?p=8907","title":{"rendered":"Min korkade formulering"},"content":{"rendered":"<p><a href=\"https:\/\/sven-ove.nu\/wp-content\/uploads\/2014\/01\/F\u00e4rskt-foto.jpg\"><img loading=\"lazy\" decoding=\"async\" class=\"size-full wp-image-8015 alignright\" alt=\"F\u00e4rskt foto\" src=\"https:\/\/sven-ove.nu\/wp-content\/uploads\/2014\/01\/F\u00e4rskt-foto.jpg\" width=\"74\" height=\"154\" \/><\/a>Telefon\u00f6ren ringer.<br \/>\n&#8211; Bra det d\u00e4r du skrev om sensationslystna journalister, s\u00e4ger han.<br \/>\n&#8211; Nej, svarar jag, det var \u00e5t skogen.<br \/>\n&#8211; ?<br \/>\n&#8211; Ja men sn\u00e4lla du, det var tankl\u00f6st skrivet. Den nyhetsmurvel som inte letar efter sensationer har inte i journalistiken att g\u00f6ra.<\/p>\n<p>\u00c4r det n\u00e5got som b\u00f6r ber\u00e4ttas, s\u00e5 \u00e4r det sensationer. Sanna, verkliga s\u00e5dana. Det \u00e4r dags att reportrarna i riket tar tillbaka det d\u00e4r sk\u00e4llsordet och vrider det r\u00e4tt. <b>Stolt sensationslysten!<\/b> ska det st\u00e5 p\u00e5 deras rockslag. Jag vet massor av sensationer som var bra att de kom ut i ljuset.<\/p>\n<p>&#8211; Allt \u00e4r v\u00e4l inte sensationer?<br \/>\n&#8211; Nej. Men l\u00e4ngta ska de och lystna ska de vara. Som hungriga vargar ska de jaga.<br \/>\n&#8211; Dregla?<br \/>\n&#8211; Hela tiden.<\/p>\n<p><b><a href=\"https:\/\/sven-ove.nu\/wp-content\/uploads\/2014\/05\/Bj\u00f6rk-i-motljus.jpg\"><img loading=\"lazy\" decoding=\"async\" class=\"alignleft size-thumbnail wp-image-8797\" alt=\"Bj\u00f6rk i motljus\" src=\"https:\/\/sven-ove.nu\/wp-content\/uploads\/2014\/05\/Bj\u00f6rk-i-motljus-150x150.jpg\" width=\"150\" height=\"150\" \/><\/a>N\u00e4r m\u00e5lvakterna stod i m\u00e5l<br \/>\n<\/b>Sedan pratar vi om hur fr\u00e4scht det k\u00e4nns med ett ishockey-VM i gr\u00f6na f\u00f6rsommar\u2019n. Telefon\u00f6ren l\u00e4ngtar efter <a href=\"https:\/\/www.youtube.com\/watch?v=lTZk_IJHqvQ\" target=\"_blank\">Sovjet<\/a> i klapp-klapp-form och sj\u00e4lv minns jag hur <a href=\"http:\/\/www.aftonbladet.se\/sportbladet\/hockey\/article10272965.ab\" target=\"_blank\">Nisse Nilsson<\/a> tog pucken bakom egen kasse och dribblade sig igenom f\u00f6rst det egna laget och sedan motst\u00e5ndarlaget, innan han satte pucken otagbart i m\u00e5l. VM-match efter VM-match.<\/p>\n<p style=\"padding-left: 30px;\"><strong>&#8211; S\u00e5na motst\u00e5ndarlag g\u00f6r di inte l\u00e4ngre. Minns du att m\u00e5lvakterna stod upp?<\/strong><\/p>\n<p style=\"padding-left: 30px;\"><strong>Det minns han tydligt. Och hur de dreglade.<\/strong><\/p>\n","protected":false},"excerpt":{"rendered":"<p>Telefon\u00f6ren ringer. &#8211; Bra det d\u00e4r du skrev om sensationslystna journalister, s\u00e4ger han. &#8211; Nej, svarar jag, det var \u00e5t skogen. &#8211; ? &#8211; Ja men sn\u00e4lla du, det var tankl\u00f6st skrivet. Den nyhetsmurvel som inte letar efter sensationer har inte i journalistiken att g\u00f6ra. \u00c4r det n\u00e5got som b\u00f6r ber\u00e4ttas, s\u00e5 \u00e4r det sensationer. &hellip; <a href=\"https:\/\/sven-ove.nu\/?p=8907\" class=\"more-link\">Forts\u00e4tt l\u00e4sa <span class=\"screen-reader-text\">Min korkade formulering<\/span><\/a><\/p>\n","protected":false},"author":1,"featured_media":0,"comment_status":"open","ping_status":"open","sticky":false,"template":"","format":"standard","meta":{"_crdt_document":"","_monsterinsights_skip_tracking":false,"_monsterinsights_sitenote_active":false,"_monsterinsights_sitenote_note":"","_monsterinsights_sitenote_category":0,"footnotes":""},"categories":[4],"tags":[18,15],"class_list":["post-8907","post","type-post","status-publish","format-standard","hentry","category-skrivande","tag-lardomar","tag-mediedjungeln"],"_links":{"self":[{"href":"https:\/\/sven-ove.nu\/index.php?rest_route=\/wp\/v2\/posts\/8907","targetHints":{"allow":["GET"]}}],"collection":[{"href":"https:\/\/sven-ove.nu\/index.php?rest_route=\/wp\/v2\/posts"}],"about":[{"href":"https:\/\/sven-ove.nu\/index.php?rest_route=\/wp\/v2\/types\/post"}],"author":[{"embeddable":true,"href":"https:\/\/sven-ove.nu\/index.php?rest_route=\/wp\/v2\/users\/1"}],"replies":[{"embeddable":true,"href":"https:\/\/sven-ove.nu\/index.php?rest_route=%2Fwp%2Fv2%2Fcomments&post=8907"}],"version-history":[{"count":4,"href":"https:\/\/sven-ove.nu\/index.php?rest_route=\/wp\/v2\/posts\/8907\/revisions"}],"predecessor-version":[{"id":8911,"href":"https:\/\/sven-ove.nu\/index.php?rest_route=\/wp\/v2\/posts\/8907\/revisions\/8911"}],"wp:attachment":[{"href":"https:\/\/sven-ove.nu\/index.php?rest_route=%2Fwp%2Fv2%2Fmedia&parent=8907"}],"wp:term":[{"taxonomy":"category","embeddable":true,"href":"https:\/\/sven-ove.nu\/index.php?rest_route=%2Fwp%2Fv2%2Fcategories&post=8907"},{"taxonomy":"post_tag","embeddable":true,"href":"https:\/\/sven-ove.nu\/index.php?rest_route=%2Fwp%2Fv2%2Ftags&post=8907"}],"curies":[{"name":"wp","href":"https:\/\/api.w.org\/{rel}","templated":true}]}}