{"id":8924,"date":"2014-05-24T03:00:03","date_gmt":"2014-05-24T02:00:03","guid":{"rendered":"http:\/\/sven-ove.nu\/?p=8924"},"modified":"2014-05-23T17:52:30","modified_gmt":"2014-05-23T16:52:30","slug":"ett-ystert-tjoho-for-mangfald-och-mot-missriktat-soffliggeri","status":"publish","type":"post","link":"https:\/\/sven-ove.nu\/?p=8924","title":{"rendered":"Ett ystert tjoho f\u00f6r m\u00e5ngfald och mot missriktat soffliggeri"},"content":{"rendered":"<p><a href=\"https:\/\/sven-ove.nu\/wp-content\/uploads\/2014\/05\/Sten-vid-havet.jpg\"><img loading=\"lazy\" decoding=\"async\" class=\"alignright size-medium wp-image-8926\" alt=\"Sten vid havet\" src=\"https:\/\/sven-ove.nu\/wp-content\/uploads\/2014\/05\/Sten-vid-havet-179x300.jpg\" width=\"179\" height=\"300\" srcset=\"https:\/\/sven-ove.nu\/wp-content\/uploads\/2014\/05\/Sten-vid-havet-179x300.jpg 179w, https:\/\/sven-ove.nu\/wp-content\/uploads\/2014\/05\/Sten-vid-havet-613x1024.jpg 613w, https:\/\/sven-ove.nu\/wp-content\/uploads\/2014\/05\/Sten-vid-havet.jpg 1552w\" sizes=\"auto, (max-width: 179px) 100vw, 179px\" \/><\/a>I dag \u00e4r det l\u00e4tt att blogga, f\u00f6r budskapet kan bara vara ett. G\u00e5 och r\u00f6sta i morgon om du inte redan gjort det. Hur du r\u00f6star \u00e4r inte min sak, men mitt skarpa f\u00f6rslag \u00e4r att du ser till att inga fr\u00e4mlingsfientliga, rasister eller f\u00f6r allt i v\u00e4rlden nazister hamnar i EU-parlamentet. De har inte d\u00e4r att g\u00f6ra, inte d\u00e4r heller.<\/p>\n<p style=\"padding-left: 30px;\"><strong>EU \u00e4r inte min organisation, jag r\u00f6stade nej till svenskt medlemskap och har inte \u00e4ndrat mig, men jag t\u00e4nker f\u00f6rbaske mig r\u00f6sta p\u00e5 n\u00e5gon jag tror p\u00e5 hellre \u00e4n att ligga p\u00e5 sofflocket. Till och med i det demokratiska underskottets Europa.<\/strong><\/p>\n<p>G\u00e5 sedan ut i tr\u00e4dg\u00e5rd, skog och mark eller allt det i tur och ordning om du kan \u2013 och njut av den fina f\u00f6rsommaren. I g\u00e5r k\u00e4nde jag doften av liljekonvaljer n\u00e4r jag cyklade hem genom s\u00f6dra Klar\u00e4lvdalen. M\u00e5nga andra dofter med. Var det verkligen en n\u00e4ktergal jag h\u00f6rde p\u00e5 morgonen p\u00e5 v\u00e4g till jobbet? Jag tror det. Han l\u00e5ter som en yster pl\u00e5tslagare, men vem beh\u00f6ver inte ystra pl\u00e5tslagare ibland?<\/p>\n<p>Tiden \u00e4r inte rolig alla dagar, men hon \u00e4r vacker nu. Tack svenska folket genom alla \u00e5r som k\u00e4mpat s\u00e5 vi kan ha kvar v\u00e5r allemansr\u00e4tt. Nu tar vi kampen f\u00f6r m\u00e5ngfald, medm\u00e4nsklighet, antirasism och m\u00e4nskliga r\u00e4ttigheter ocks\u00e5.<\/p>\n<p>Tjoho!<\/p>\n","protected":false},"excerpt":{"rendered":"<p>I dag \u00e4r det l\u00e4tt att blogga, f\u00f6r budskapet kan bara vara ett. G\u00e5 och r\u00f6sta i morgon om du inte redan gjort det. Hur du r\u00f6star \u00e4r inte min sak, men mitt skarpa f\u00f6rslag \u00e4r att du ser till att inga fr\u00e4mlingsfientliga, rasister eller f\u00f6r allt i v\u00e4rlden nazister hamnar i EU-parlamentet. De har &hellip; <a href=\"https:\/\/sven-ove.nu\/?p=8924\" class=\"more-link\">Forts\u00e4tt l\u00e4sa <span class=\"screen-reader-text\">Ett ystert tjoho f\u00f6r m\u00e5ngfald och mot missriktat soffliggeri<\/span><\/a><\/p>\n","protected":false},"author":1,"featured_media":0,"comment_status":"open","ping_status":"open","sticky":false,"template":"","format":"standard","meta":{"_crdt_document":"","_monsterinsights_skip_tracking":false,"_monsterinsights_sitenote_active":false,"_monsterinsights_sitenote_note":"","_monsterinsights_sitenote_category":0,"footnotes":""},"categories":[9],"tags":[24,20,17],"class_list":["post-8924","post","type-post","status-publish","format-standard","hentry","category-politik","tag-karlek","tag-rad","tag-solidaritet"],"_links":{"self":[{"href":"https:\/\/sven-ove.nu\/index.php?rest_route=\/wp\/v2\/posts\/8924","targetHints":{"allow":["GET"]}}],"collection":[{"href":"https:\/\/sven-ove.nu\/index.php?rest_route=\/wp\/v2\/posts"}],"about":[{"href":"https:\/\/sven-ove.nu\/index.php?rest_route=\/wp\/v2\/types\/post"}],"author":[{"embeddable":true,"href":"https:\/\/sven-ove.nu\/index.php?rest_route=\/wp\/v2\/users\/1"}],"replies":[{"embeddable":true,"href":"https:\/\/sven-ove.nu\/index.php?rest_route=%2Fwp%2Fv2%2Fcomments&post=8924"}],"version-history":[{"count":3,"href":"https:\/\/sven-ove.nu\/index.php?rest_route=\/wp\/v2\/posts\/8924\/revisions"}],"predecessor-version":[{"id":8927,"href":"https:\/\/sven-ove.nu\/index.php?rest_route=\/wp\/v2\/posts\/8924\/revisions\/8927"}],"wp:attachment":[{"href":"https:\/\/sven-ove.nu\/index.php?rest_route=%2Fwp%2Fv2%2Fmedia&parent=8924"}],"wp:term":[{"taxonomy":"category","embeddable":true,"href":"https:\/\/sven-ove.nu\/index.php?rest_route=%2Fwp%2Fv2%2Fcategories&post=8924"},{"taxonomy":"post_tag","embeddable":true,"href":"https:\/\/sven-ove.nu\/index.php?rest_route=%2Fwp%2Fv2%2Ftags&post=8924"}],"curies":[{"name":"wp","href":"https:\/\/api.w.org\/{rel}","templated":true}]}}