{"id":8929,"date":"2014-05-26T03:00:55","date_gmt":"2014-05-26T02:00:55","guid":{"rendered":"http:\/\/sven-ove.nu\/?p=8929"},"modified":"2014-05-25T22:33:52","modified_gmt":"2014-05-25T21:33:52","slug":"olika-farg-och-lika-mycket-varda","status":"publish","type":"post","link":"https:\/\/sven-ove.nu\/?p=8929","title":{"rendered":"Olika f\u00e4rg utanp\u00e5 och lika mycket v\u00e4rda"},"content":{"rendered":"<p><a href=\"https:\/\/sven-ove.nu\/wp-content\/uploads\/2014\/05\/Folk-mot-hetsgrupp.jpg\"><img loading=\"lazy\" decoding=\"async\" class=\"alignright size-medium wp-image-8931\" alt=\"Folk mot hetsgrupp\" src=\"https:\/\/sven-ove.nu\/wp-content\/uploads\/2014\/05\/Folk-mot-hetsgrupp-300x225.jpg\" width=\"300\" height=\"225\" srcset=\"https:\/\/sven-ove.nu\/wp-content\/uploads\/2014\/05\/Folk-mot-hetsgrupp-300x225.jpg 300w, https:\/\/sven-ove.nu\/wp-content\/uploads\/2014\/05\/Folk-mot-hetsgrupp.jpg 960w\" sizes=\"auto, (max-width: 300px) 100vw, 300px\" \/><\/a>M\u00e5ndag i min v\u00e4rld, valvaka p\u00e5 tv i natt. Under valr\u00f6relsen har svenska folket h\u00f6jt sin r\u00f6st i avsky inf\u00f6r dem som vill g\u00f6ra skillnad p\u00e5 folk utifr\u00e5n hudf\u00e4rg och ursprung. P\u00e5 gator och torg har <a href=\"https:\/\/sven-ove.nu\/?p=8890\">ryggarna v\u00e4nts<\/a> mot de fr\u00e4mlingsfientliga. Det \u00e4r jag stolt \u00f6ver.<\/p>\n<p style=\"padding-left: 30px;\"><b>Resultatet? Protesterna gjorde nytta. S\u00e5 som det nu ser ut kom m\u00e5nga svenska antirasister in i EU-parlamentet.<\/b><\/p>\n<p><a href=\"https:\/\/sven-ove.nu\/wp-content\/uploads\/2014\/05\/Stolpar.jpg\"><img loading=\"lazy\" decoding=\"async\" class=\"size-thumbnail wp-image-8933 alignleft\" alt=\"Stolpar\" src=\"https:\/\/sven-ove.nu\/wp-content\/uploads\/2014\/05\/Stolpar-150x150.jpg\" width=\"150\" height=\"150\" \/><\/a>Det gjorde \u00e4ven n\u00e5gra fr\u00e4mlingsfientliga. L\u00e5t oss allts\u00e5 forts\u00e4tta att v\u00e4nda dem ryggen. M\u00e4nniskov\u00e4rdet \u00e4r okr\u00e4nkbart.<\/p>\n<p>I kv\u00e4ll ska jag springa, har jag t\u00e4nkt. Skogen i min n\u00e4rhet \u00e4r full av orienteringsstolpar fr\u00e5n friskv\u00e5rdssatsningen <a href=\"http:\/\/forshaga.stolpjakten.se\">Friska Forshaga<\/a>. De \u00e4r m\u00e5lade i olika f\u00e4rger men har samma v\u00e4rde allihop. Jag blir lika glad f\u00f6r varenda en som jag tr\u00e4ffar p\u00e5.<\/p>\n<p>G\u00f4tt.<\/p>\n<p style=\"padding-left: 30px; text-align: right;\"><i>Texten p\u00e5 plakatet ovan d\u00f6k upp i flera demonstrationer<br \/>\nden senaste veckan.\u00a0Den \u00e4r bara s\u00e5 lysande!\u00a0<\/i><\/p>\n","protected":false},"excerpt":{"rendered":"<p>M\u00e5ndag i min v\u00e4rld, valvaka p\u00e5 tv i natt. Under valr\u00f6relsen har svenska folket h\u00f6jt sin r\u00f6st i avsky inf\u00f6r dem som vill g\u00f6ra skillnad p\u00e5 folk utifr\u00e5n hudf\u00e4rg och ursprung. P\u00e5 gator och torg har ryggarna v\u00e4nts mot de fr\u00e4mlingsfientliga. Det \u00e4r jag stolt \u00f6ver. Resultatet? Protesterna gjorde nytta. S\u00e5 som det nu ser &hellip; <a href=\"https:\/\/sven-ove.nu\/?p=8929\" class=\"more-link\">Forts\u00e4tt l\u00e4sa <span class=\"screen-reader-text\">Olika f\u00e4rg utanp\u00e5 och lika mycket v\u00e4rda<\/span><\/a><\/p>\n","protected":false},"author":1,"featured_media":0,"comment_status":"open","ping_status":"open","sticky":false,"template":"","format":"standard","meta":{"_crdt_document":"","_monsterinsights_skip_tracking":false,"_monsterinsights_sitenote_active":false,"_monsterinsights_sitenote_note":"","_monsterinsights_sitenote_category":0,"footnotes":""},"categories":[5,9],"tags":[16,17],"class_list":["post-8929","post","type-post","status-publish","format-standard","hentry","category-lopning","category-politik","tag-dumheter","tag-solidaritet"],"_links":{"self":[{"href":"https:\/\/sven-ove.nu\/index.php?rest_route=\/wp\/v2\/posts\/8929","targetHints":{"allow":["GET"]}}],"collection":[{"href":"https:\/\/sven-ove.nu\/index.php?rest_route=\/wp\/v2\/posts"}],"about":[{"href":"https:\/\/sven-ove.nu\/index.php?rest_route=\/wp\/v2\/types\/post"}],"author":[{"embeddable":true,"href":"https:\/\/sven-ove.nu\/index.php?rest_route=\/wp\/v2\/users\/1"}],"replies":[{"embeddable":true,"href":"https:\/\/sven-ove.nu\/index.php?rest_route=%2Fwp%2Fv2%2Fcomments&post=8929"}],"version-history":[{"count":6,"href":"https:\/\/sven-ove.nu\/index.php?rest_route=\/wp\/v2\/posts\/8929\/revisions"}],"predecessor-version":[{"id":8937,"href":"https:\/\/sven-ove.nu\/index.php?rest_route=\/wp\/v2\/posts\/8929\/revisions\/8937"}],"wp:attachment":[{"href":"https:\/\/sven-ove.nu\/index.php?rest_route=%2Fwp%2Fv2%2Fmedia&parent=8929"}],"wp:term":[{"taxonomy":"category","embeddable":true,"href":"https:\/\/sven-ove.nu\/index.php?rest_route=%2Fwp%2Fv2%2Fcategories&post=8929"},{"taxonomy":"post_tag","embeddable":true,"href":"https:\/\/sven-ove.nu\/index.php?rest_route=%2Fwp%2Fv2%2Ftags&post=8929"}],"curies":[{"name":"wp","href":"https:\/\/api.w.org\/{rel}","templated":true}]}}