{"id":8950,"date":"2014-05-29T03:00:26","date_gmt":"2014-05-29T02:00:26","guid":{"rendered":"http:\/\/sven-ove.nu\/?p=8950"},"modified":"2014-05-28T07:19:16","modified_gmt":"2014-05-28T06:19:16","slug":"smittande-skratt-pa-brinnande-arbetstid","status":"publish","type":"post","link":"https:\/\/sven-ove.nu\/?p=8950","title":{"rendered":"Smittande skratt p\u00e5 brinnande arbetstid"},"content":{"rendered":"<p>Mitt fackf\u00f6rbund skickar pressklipp. Det h\u00e4r s\u00e4tter ig\u00e5ng minnen:<\/p>\n<p style=\"padding-left: 30px;\"><b><i>\u201dArbetsliv: Arbetsgl\u00e4dje smittar <a href=\"http:\/\/www.prevent.se\/Arbetsliv\/Artikel\/2014\/Arbetsgladje-smittar\/\">http:\/\/www.prevent.se\/Arbetsliv\/Artikel\/2014\/Arbetsgladje-smittar\/<br \/>\n<\/a><\/i><\/b><i>\u00c5tta av tio som trivs p\u00e5 jobbet uppger att de \u00e4r lyckliga. Personer 50-64 \u00e5r har roligare p\u00e5 jobbet, f\u00e5r mer uppskattning och trivs b\u00e4ttre med sina kollegor j\u00e4mf\u00f6rt med yngre medarbetare. Men m\u00e5nga \u00e4r mer stressade p\u00e5 fritiden \u00e4n p\u00e5 jobbet. Det visar en ny unders\u00f6kning.\u201d<\/i><\/p>\n<p><a href=\"https:\/\/sven-ove.nu\/wp-content\/uploads\/2014\/05\/Halv-kopp.jpg\"><img loading=\"lazy\" decoding=\"async\" class=\"alignright size-medium wp-image-8953\" alt=\"Halv kopp\" src=\"https:\/\/sven-ove.nu\/wp-content\/uploads\/2014\/05\/Halv-kopp-300x225.jpg\" width=\"300\" height=\"225\" srcset=\"https:\/\/sven-ove.nu\/wp-content\/uploads\/2014\/05\/Halv-kopp-300x225.jpg 300w, https:\/\/sven-ove.nu\/wp-content\/uploads\/2014\/05\/Halv-kopp-1024x768.jpg 1024w, https:\/\/sven-ove.nu\/wp-content\/uploads\/2014\/05\/Halv-kopp.jpg 1600w\" sizes=\"auto, (max-width: 300px) 100vw, 300px\" \/><\/a>K\u00e4ra n\u00e5n vad jag har skrattat p\u00e5 brinnande arbetstid. <b>S\u00e5gen i Molkom<\/b>, d\u00e4r skrattade vi hela tiden i gamla justerverket, n\u00e4r v\u00e5r l\u00e4rom\u00e4stare G\u00f6sta hittat p\u00e5 n\u00e5got nytt sk\u00e4mt eller bara stod i gluggen mellan andrakapan och mottagningen och gjorde grimaser.<\/p>\n<p><b>Sm\u00e5lands Folkblad<\/b>, d\u00e4r sportkillarna vr\u00e4kte sportklyschor omkring sig s\u00e5 det st\u00e4nkte i v\u00e4ggarna. <em>Ett rungande slagskott och ett noll var ett faktum.Vi har tr\u00e4nat h\u00e5rdare \u00e4n n\u00e5gonsin. Den h\u00e4r insatsen m\u00e5ste vi f\u00f6rs\u00f6ka gl\u00f6mma s\u00e5 fort som m\u00f6jligt.\u00a0<\/em><\/p>\n<p><em><\/em>P-O Nilsson, som alltid h\u00e4lsade oss n\u00e4r vi kom tillbaka till redaktionen med ett muntert:<\/p>\n<p>&#8211; Det \u00e4r redan skrivet. Vi ringde vaktm\u00e4starn p\u00e5 idrottsplatsen. K\u00e4mpamatch f\u00f6r Vaggeryd. Vinna eller f\u00f6rsvinna. Du kan \u00e5ka hem.<\/p>\n<p>P-O h\u00e4vdade att allt han beh\u00f6vde f\u00f6r att skriva ner ett full\u00f6digt matchreferat p\u00e5 tv\u00e5 och en halv matsedel var det vita p\u00e5 en t\u00e4ndsticksask. Det v\u00e4rsta var att det var sant.<\/p>\n<p><b>Pl\u00e5ster och kultur<br \/>\n<\/b>Skratten och sm\u00e5leendena har fortsatt p\u00e5 mina arbetsplatser. <b>SOS-centralen<\/b>, vad roligt vi hade mitt i allt el\u00e4nde. T\u00e4nk om de som ringde p\u00e5 90 000 hade vetat den d\u00e4r natten, att jag stod med en blivande morgonrock uppn\u00e5lad p\u00e5 kroppen, medan jag och hon som sydde tog emot larm s\u00e5 \u00f6gona bl\u00f6dde. Jobbet blev gjort och rocken blev klar den med.<\/p>\n<p>D\u00e5 f\u00e5r vi inte gl\u00f6mma den g\u00e5ngen n\u00e4r jag var riktigt f\u00e4rsk och skickade ut dygnsambulansen i Karlstad p\u00e5 prio 1: \u201dF\u00f6rlamning, f\u00f6rlamning\u201d. Den historien brukar jag f\u00e5 h\u00f6ra n\u00e4r vi m\u00f6ts p\u00e5 stan. S\u00e4rskilt detaljen att de fick jaga den lame \u00f6ver \u00e5kern.<\/p>\n<p>Visst har vi roligt p\u00e5 v\u00e5ra jobb. Det har jag haft. Ibland \u00e4r humorn ett pl\u00e5ster, ibland bara livsstil och kultur. Klicka p\u00e5 l\u00e4nken nu. Vad har du f\u00f6r smittande roligheter f\u00f6r dig p\u00e5 din arbetsplats?<\/p>\n","protected":false},"excerpt":{"rendered":"<p>Mitt fackf\u00f6rbund skickar pressklipp. Det h\u00e4r s\u00e4tter ig\u00e5ng minnen: \u201dArbetsliv: Arbetsgl\u00e4dje smittar http:\/\/www.prevent.se\/Arbetsliv\/Artikel\/2014\/Arbetsgladje-smittar\/ \u00c5tta av tio som trivs p\u00e5 jobbet uppger att de \u00e4r lyckliga. Personer 50-64 \u00e5r har roligare p\u00e5 jobbet, f\u00e5r mer uppskattning och trivs b\u00e4ttre med sina kollegor j\u00e4mf\u00f6rt med yngre medarbetare. Men m\u00e5nga \u00e4r mer stressade p\u00e5 fritiden \u00e4n p\u00e5 jobbet. &hellip; <a href=\"https:\/\/sven-ove.nu\/?p=8950\" class=\"more-link\">Forts\u00e4tt l\u00e4sa <span class=\"screen-reader-text\">Smittande skratt p\u00e5 brinnande arbetstid<\/span><\/a><\/p>\n","protected":false},"author":1,"featured_media":0,"comment_status":"open","ping_status":"open","sticky":false,"template":"","format":"standard","meta":{"_crdt_document":"","_monsterinsights_skip_tracking":false,"_monsterinsights_sitenote_active":false,"_monsterinsights_sitenote_note":"","_monsterinsights_sitenote_category":0,"footnotes":""},"categories":[4],"tags":[3,24],"class_list":["post-8950","post","type-post","status-publish","format-standard","hentry","category-skrivande","tag-arbete","tag-karlek"],"_links":{"self":[{"href":"https:\/\/sven-ove.nu\/index.php?rest_route=\/wp\/v2\/posts\/8950","targetHints":{"allow":["GET"]}}],"collection":[{"href":"https:\/\/sven-ove.nu\/index.php?rest_route=\/wp\/v2\/posts"}],"about":[{"href":"https:\/\/sven-ove.nu\/index.php?rest_route=\/wp\/v2\/types\/post"}],"author":[{"embeddable":true,"href":"https:\/\/sven-ove.nu\/index.php?rest_route=\/wp\/v2\/users\/1"}],"replies":[{"embeddable":true,"href":"https:\/\/sven-ove.nu\/index.php?rest_route=%2Fwp%2Fv2%2Fcomments&post=8950"}],"version-history":[{"count":6,"href":"https:\/\/sven-ove.nu\/index.php?rest_route=\/wp\/v2\/posts\/8950\/revisions"}],"predecessor-version":[{"id":8957,"href":"https:\/\/sven-ove.nu\/index.php?rest_route=\/wp\/v2\/posts\/8950\/revisions\/8957"}],"wp:attachment":[{"href":"https:\/\/sven-ove.nu\/index.php?rest_route=%2Fwp%2Fv2%2Fmedia&parent=8950"}],"wp:term":[{"taxonomy":"category","embeddable":true,"href":"https:\/\/sven-ove.nu\/index.php?rest_route=%2Fwp%2Fv2%2Fcategories&post=8950"},{"taxonomy":"post_tag","embeddable":true,"href":"https:\/\/sven-ove.nu\/index.php?rest_route=%2Fwp%2Fv2%2Ftags&post=8950"}],"curies":[{"name":"wp","href":"https:\/\/api.w.org\/{rel}","templated":true}]}}