{"id":8960,"date":"2014-05-30T03:00:08","date_gmt":"2014-05-30T02:00:08","guid":{"rendered":"http:\/\/sven-ove.nu\/?p=8960"},"modified":"2014-05-30T07:32:14","modified_gmt":"2014-05-30T06:32:14","slug":"en-stund-i-livet","status":"publish","type":"post","link":"https:\/\/sven-ove.nu\/?p=8960","title":{"rendered":"En stund i livet"},"content":{"rendered":"<p><a href=\"https:\/\/sven-ove.nu\/wp-content\/uploads\/2014\/05\/Sm\u00f6rblommor-p\u00e5-\u00e4ngen.jpg\"><img loading=\"lazy\" decoding=\"async\" class=\"size-medium wp-image-8962 alignright\" alt=\"Sm\u00f6rblommor p\u00e5 \u00e4ngen\" src=\"https:\/\/sven-ove.nu\/wp-content\/uploads\/2014\/05\/Sm\u00f6rblommor-p\u00e5-\u00e4ngen-105x300.jpg\" width=\"105\" height=\"300\" srcset=\"https:\/\/sven-ove.nu\/wp-content\/uploads\/2014\/05\/Sm\u00f6rblommor-p\u00e5-\u00e4ngen-105x300.jpg 105w, https:\/\/sven-ove.nu\/wp-content\/uploads\/2014\/05\/Sm\u00f6rblommor-p\u00e5-\u00e4ngen.jpg 225w\" sizes=\"auto, (max-width: 105px) 100vw, 105px\" \/><\/a>Torsdag, p\u00e5 v\u00e4g f\u00f6r att grilla korv i skogen med tv\u00e5 av dem som ska ta \u00f6ver detta vackra klot. Tr\u00e4dpipl\u00e4rkan sjunger, gr\u00f6nskan har hundra nyanser och liljekonvalerna h\u00e4lsar att de snart vill g\u00f6ra ett par barnan\u00e4var svettiga. Men f\u00f6rst s\u00e4ger jag till min unge v\u00e4n:<\/p>\n<p><a href=\"https:\/\/sven-ove.nu\/wp-content\/uploads\/2014\/05\/Korv.jpg\"><img loading=\"lazy\" decoding=\"async\" class=\"size-thumbnail wp-image-8963 alignleft\" alt=\"Korv\" src=\"https:\/\/sven-ove.nu\/wp-content\/uploads\/2014\/05\/Korv-150x150.jpg\" width=\"150\" height=\"150\" \/><\/a><em>&#8211; Nu \u00e4r du s\u00e5 gammal s\u00e5 du kan t\u00e4lja din grillpinne sj\u00e4lv. H\u00e4r \u00e4r kniven. T\u00e4lj bort fr\u00e5n kroppen, inte in mot dig.<\/em><\/p>\n<p>Det \u00e4r den b\u00e4sta av f\u00f6rmiddagar. Lyckligare blir jag inte.\u00a0Bara lika lycklig n\u00e5gon g\u00e5ng.<\/p>\n<p>&nbsp;<\/p>\n","protected":false},"excerpt":{"rendered":"<p>Torsdag, p\u00e5 v\u00e4g f\u00f6r att grilla korv i skogen med tv\u00e5 av dem som ska ta \u00f6ver detta vackra klot. Tr\u00e4dpipl\u00e4rkan sjunger, gr\u00f6nskan har hundra nyanser och liljekonvalerna h\u00e4lsar att de snart vill g\u00f6ra ett par barnan\u00e4var svettiga. Men f\u00f6rst s\u00e4ger jag till min unge v\u00e4n: &#8211; Nu \u00e4r du s\u00e5 gammal s\u00e5 du kan &hellip; <a href=\"https:\/\/sven-ove.nu\/?p=8960\" class=\"more-link\">Forts\u00e4tt l\u00e4sa <span class=\"screen-reader-text\">En stund i livet<\/span><\/a><\/p>\n","protected":false},"author":1,"featured_media":0,"comment_status":"open","ping_status":"open","sticky":false,"template":"","format":"standard","meta":{"_crdt_document":"","_monsterinsights_skip_tracking":false,"_monsterinsights_sitenote_active":false,"_monsterinsights_sitenote_note":"","_monsterinsights_sitenote_category":0,"footnotes":""},"categories":[6],"tags":[24,20,13],"class_list":["post-8960","post","type-post","status-publish","format-standard","hentry","category-natur","tag-karlek","tag-rad","tag-utrustning"],"_links":{"self":[{"href":"https:\/\/sven-ove.nu\/index.php?rest_route=\/wp\/v2\/posts\/8960","targetHints":{"allow":["GET"]}}],"collection":[{"href":"https:\/\/sven-ove.nu\/index.php?rest_route=\/wp\/v2\/posts"}],"about":[{"href":"https:\/\/sven-ove.nu\/index.php?rest_route=\/wp\/v2\/types\/post"}],"author":[{"embeddable":true,"href":"https:\/\/sven-ove.nu\/index.php?rest_route=\/wp\/v2\/users\/1"}],"replies":[{"embeddable":true,"href":"https:\/\/sven-ove.nu\/index.php?rest_route=%2Fwp%2Fv2%2Fcomments&post=8960"}],"version-history":[{"count":5,"href":"https:\/\/sven-ove.nu\/index.php?rest_route=\/wp\/v2\/posts\/8960\/revisions"}],"predecessor-version":[{"id":8967,"href":"https:\/\/sven-ove.nu\/index.php?rest_route=\/wp\/v2\/posts\/8960\/revisions\/8967"}],"wp:attachment":[{"href":"https:\/\/sven-ove.nu\/index.php?rest_route=%2Fwp%2Fv2%2Fmedia&parent=8960"}],"wp:term":[{"taxonomy":"category","embeddable":true,"href":"https:\/\/sven-ove.nu\/index.php?rest_route=%2Fwp%2Fv2%2Fcategories&post=8960"},{"taxonomy":"post_tag","embeddable":true,"href":"https:\/\/sven-ove.nu\/index.php?rest_route=%2Fwp%2Fv2%2Ftags&post=8960"}],"curies":[{"name":"wp","href":"https:\/\/api.w.org\/{rel}","templated":true}]}}