{"id":8989,"date":"2014-06-04T03:00:29","date_gmt":"2014-06-04T02:00:29","guid":{"rendered":"http:\/\/sven-ove.nu\/?p=8989"},"modified":"2014-06-03T11:37:22","modified_gmt":"2014-06-03T10:37:22","slug":"vill-du-tala-pa-fredag","status":"publish","type":"post","link":"https:\/\/sven-ove.nu\/?p=8989","title":{"rendered":"&#8221;Vill du tala p\u00e5 fredag?&#8221;"},"content":{"rendered":"<p><a href=\"https:\/\/sven-ove.nu\/wp-content\/uploads\/2014\/04\/Sp\u00e4nning.jpg\"><img loading=\"lazy\" decoding=\"async\" class=\"alignright size-medium wp-image-8649\" alt=\"Sp\u00e4nning\" src=\"https:\/\/sven-ove.nu\/wp-content\/uploads\/2014\/04\/Sp\u00e4nning-300x187.jpg\" width=\"300\" height=\"187\" srcset=\"https:\/\/sven-ove.nu\/wp-content\/uploads\/2014\/04\/Sp\u00e4nning-300x187.jpg 300w, https:\/\/sven-ove.nu\/wp-content\/uploads\/2014\/04\/Sp\u00e4nning.jpg 562w\" sizes=\"auto, (max-width: 300px) 100vw, 300px\" \/><\/a>F\u00f6rr ringde telefonen. Sedan fick vi det d\u00e4r nya, e-post och sms. Det var inte nytt s\u00e5 l\u00e4nge. Numera \u00e4r det via facebook jag f\u00e5r m\u00e5nga av mina mer sp\u00e4nnande meddelanden.<\/p>\n<p>\u2026s\u00e5 nu sitter jag och filar p\u00e5 ett 6:e juni-tal f\u00f6r andra g\u00e5ngen i livet. Det kom n\u00e5gra rader fr\u00e5n en v\u00e4n som <a href=\"https:\/\/www.facebook.com\/UllerudsTeateraktorerMedGamlaKraftstationen?fref=ts\">jobbar<\/a> med <a href=\"http:\/\/www.gamlakraftstationen.se\">gamla kraftstationen<\/a> i Deje. <i>\u201dVill du och kan du t\u00e4nka dig att h\u00e5lla ett nationaldagstal p\u00e5 fredag vid 12.30-tiden?\u201d.<\/i><\/p>\n<p>Klart jag vill. Gissa vad jag t\u00e4nker prata om.<\/p>\n","protected":false},"excerpt":{"rendered":"<p>F\u00f6rr ringde telefonen. Sedan fick vi det d\u00e4r nya, e-post och sms. Det var inte nytt s\u00e5 l\u00e4nge. Numera \u00e4r det via facebook jag f\u00e5r m\u00e5nga av mina mer sp\u00e4nnande meddelanden. \u2026s\u00e5 nu sitter jag och filar p\u00e5 ett 6:e juni-tal f\u00f6r andra g\u00e5ngen i livet. Det kom n\u00e5gra rader fr\u00e5n en v\u00e4n som jobbar &hellip; <a href=\"https:\/\/sven-ove.nu\/?p=8989\" class=\"more-link\">Forts\u00e4tt l\u00e4sa <span class=\"screen-reader-text\">&#8221;Vill du tala p\u00e5 fredag?&#8221;<\/span><\/a><\/p>\n","protected":false},"author":1,"featured_media":0,"comment_status":"open","ping_status":"open","sticky":false,"template":"","format":"standard","meta":{"_crdt_document":"","_monsterinsights_skip_tracking":false,"_monsterinsights_sitenote_active":false,"_monsterinsights_sitenote_note":"","_monsterinsights_sitenote_category":0,"footnotes":""},"categories":[10,9],"tags":[24,17],"class_list":["post-8989","post","type-post","status-publish","format-standard","hentry","category-familjen","category-politik","tag-karlek","tag-solidaritet"],"_links":{"self":[{"href":"https:\/\/sven-ove.nu\/index.php?rest_route=\/wp\/v2\/posts\/8989","targetHints":{"allow":["GET"]}}],"collection":[{"href":"https:\/\/sven-ove.nu\/index.php?rest_route=\/wp\/v2\/posts"}],"about":[{"href":"https:\/\/sven-ove.nu\/index.php?rest_route=\/wp\/v2\/types\/post"}],"author":[{"embeddable":true,"href":"https:\/\/sven-ove.nu\/index.php?rest_route=\/wp\/v2\/users\/1"}],"replies":[{"embeddable":true,"href":"https:\/\/sven-ove.nu\/index.php?rest_route=%2Fwp%2Fv2%2Fcomments&post=8989"}],"version-history":[{"count":4,"href":"https:\/\/sven-ove.nu\/index.php?rest_route=\/wp\/v2\/posts\/8989\/revisions"}],"predecessor-version":[{"id":8991,"href":"https:\/\/sven-ove.nu\/index.php?rest_route=\/wp\/v2\/posts\/8989\/revisions\/8991"}],"wp:attachment":[{"href":"https:\/\/sven-ove.nu\/index.php?rest_route=%2Fwp%2Fv2%2Fmedia&parent=8989"}],"wp:term":[{"taxonomy":"category","embeddable":true,"href":"https:\/\/sven-ove.nu\/index.php?rest_route=%2Fwp%2Fv2%2Fcategories&post=8989"},{"taxonomy":"post_tag","embeddable":true,"href":"https:\/\/sven-ove.nu\/index.php?rest_route=%2Fwp%2Fv2%2Ftags&post=8989"}],"curies":[{"name":"wp","href":"https:\/\/api.w.org\/{rel}","templated":true}]}}