{"id":8994,"date":"2014-06-05T03:00:38","date_gmt":"2014-06-05T02:00:38","guid":{"rendered":"http:\/\/sven-ove.nu\/?p=8994"},"modified":"2014-06-04T16:42:22","modified_gmt":"2014-06-04T15:42:22","slug":"fnys-at-folkforaktet-i-stallet","status":"publish","type":"post","link":"https:\/\/sven-ove.nu\/?p=8994","title":{"rendered":"Fnys \u00e5t folkf\u00f6raktet i st\u00e4llet"},"content":{"rendered":"<p><a href=\"https:\/\/sven-ove.nu\/wp-content\/uploads\/2014\/06\/Skorna.jpg\"><img loading=\"lazy\" decoding=\"async\" class=\"alignright size-full wp-image-8998\" alt=\"Skorna\" src=\"https:\/\/sven-ove.nu\/wp-content\/uploads\/2014\/06\/Skorna.jpg\" width=\"640\" height=\"364\" srcset=\"https:\/\/sven-ove.nu\/wp-content\/uploads\/2014\/06\/Skorna.jpg 640w, https:\/\/sven-ove.nu\/wp-content\/uploads\/2014\/06\/Skorna-300x170.jpg 300w\" sizes=\"auto, (max-width: 640px) 100vw, 640px\" \/><\/a><\/p>\n<p>Ibland \u00e4r jag tr\u00f6gfattad och f\u00f6rst\u00e5r inte att vissa m\u00e4nniskors v\u00e4rderingar \u00e4r en klassfr\u00e5ga. Den handlar om klassf\u00f6rakt. Jag st\u00e5r i gr\u00e4set, mitt i f\u00e4stingtider, n\u00e4r tanken till slut sl\u00e5r mig.<\/p>\n<p><b>Bedr\u00f6vligt parti<br \/>\n<\/b>L\u00e5t oss b\u00f6rja med de 359 248 som r\u00f6stade p\u00e5 Sverigedemokraterna i EU-valet. 9,67 procent. Det \u00e4r ett bedr\u00f6vligt parti, det h\u00e4rstammar ur n\u00e5got \u00e4nnu bedr\u00f6vligare och \u00e4r fr\u00e4mlingsfientligt.<\/p>\n<p>\u201dNazistiskt\u201d s\u00e4ger en del av mina \u00e5siktsfr\u00e4nder, men d\u00e5 \u00e4r de ute p\u00e5 villov\u00e4gar. Vi b\u00f6r vara f\u00f6rsiktiga med orden. Bokst\u00e4verna och orden \u00e4r v\u00e5ra v\u00e4nner och vi ska inte v\u00e4nda dem fel f\u00f6r d\u00e5 kan det g\u00e5 som med ordet \u201dmoderat\u201d. Det g\u00e5r inte att anv\u00e4nda l\u00e4ngre. En g\u00e5ng betydde \u201dmoderat\u201d lite lagom, men bara n\u00e4stan. M\u00e5ttfullt. Det g\u00f6r det inte i dag, efter att ett helt parti stal ordet. G\u00f6r inte samma sak med nazismen s\u00e5 fort du ser en h\u00f6gerextrem. Vad ska vi d\u00e5 kalla den r\u00f6relse som verkligen \u00e4r nazistisk?<\/p>\n<p><b>Detta \u00e4r rasistiskt<br \/>\n<\/b>Det h\u00e4r \u00e4r vad jag tror \u00e4r <i>rasistiskt<\/i>, och jag har inte hittat p\u00e5 definitionen sj\u00e4lv. Om n\u00e5gon tycker att m\u00e4nniskosl\u00e4kten kan indelas i raser. Om vederb\u00f6rande dessutom tycker att det finns samband mellan dessa raser och hj\u00e4rnans mentala och intellektuella anlag. Om han eller hon dessutom anser att dessa ned\u00e4rvda drag \u00e4r gemensamma f\u00f6r alla av en viss ras. Om han dessutom tycker dessa skillnader r\u00e4ttf\u00e4rdigar en hierarki byggd p\u00e5 dessa raser. D\u00e5 \u00e4r han eller hon rasist, som jag ser det. Oavsett varf\u00f6r han eller hon har den \u00e5sikten.<\/p>\n<p>Det finns verkligen n\u00e5gra f\u00e5 som tror att det \u00e4r rimligt att indela m\u00e4nniskosl\u00e4ktet i ett antal tydliga \u201draser\u201d utifr\u00e5n hur vi ser ut. Det finns verkligen n\u00e5gra f\u00e5 som tror att det finns ett samband mellan \u00e5 ena sidan hur vi ser ut och \u00e5 andra sidan ned\u00e4rvda mentala och intellektuella anlag, beteendem\u00f6nster, lynne och moralisk karakt\u00e4r. Det finns verkligen n\u00e5gra f\u00e5 som tror att dessa ned\u00e4rvda drag \u00e4r gemensamma f\u00f6r alla medlemmar av de \u201draser\u201d det handlar om. Det finns faktiskt de som tror att dessa \u201draser\u201d kan delas in i en hierarki, beroende p\u00e5 kvaliteten av v\u00e5ra \u00e4rvda utseenden och anlag. Det finns verkligen n\u00e5gra f\u00e5 som tror att f\u00f6rest\u00e4llningen om denna hierarkiska klassifikation till\u00e5ter medlemmar av p\u00e5hittat \u00f6verl\u00e4gsna \u201draser\u201d att dominera, exploatera och till och med f\u00f6rinta medlemmar av p\u00e5hittat underl\u00e4gsna \u201draser\u201d.<\/p>\n<p>D\u00e4r har du rasismen n\u00e4r den \u00e4r som v\u00e4rst. Inte en sekund tror jag att alla de 359 248 \u00a0som r\u00f6stade p\u00e5 Sverigedemokraterna har den \u00e5sikten.<\/p>\n<p><b>F\u00f6rakt f\u00f6r svenska LO-medlemmar<br \/>\n<\/b>Jag tycker illa om SD:s historia, budskap och politik, tro inget annat. D\u00e4rf\u00f6r skulle jag med gl\u00e4dje ha v\u00e4nt ryggen \u00e5t Jimmie \u00c5kesson p\u00e5 torget i Karlstad, m\u00f6jligen f\u00f6rsiktigt sjungande \u201dI ett hus vid skogens slut\u201d. Men s\u00e5 katten att jag tror att alla hans v\u00e4ljare \u00e4r rasister. Vad det \u00e4n st\u00e5r i partiprogrammet, vad SD \u00e4n har f\u00f6r historia och ledare. D\u00e5 tror jag mer p\u00e5 folks utanf\u00f6rskap som f\u00f6rklaring, p\u00e5 stor arbetsl\u00f6shet, \u00f6kande klyftor, utarmad landsbygd och mycket annat som g\u00f6r att m\u00e4nniskor k\u00e4nner sig fr\u00e4mmande.<\/p>\n<p>N\u00e4r jag l\u00e4ser och h\u00f6r en del kommentarer till valresultatet och SD:s framg\u00e5ngar tycker jag mig m\u00e4rka ett klassf\u00f6rakt fr\u00e5n vissa h\u00e5ll. Ett f\u00f6rakt f\u00f6r svenska LO-medlemmar som r\u00f6stat p\u00e5 v\u00e5rt st\u00f6rsta missn\u00f6jesparti. Har jag r\u00e4tt \u00e4r det bedr\u00f6vligt. Det f\u00f6raktet borde riktas mot den f\u00f6rda politiken i st\u00e4llet, den som skapat s\u00e5 m\u00e5nga or\u00e4ttvisor i Sverige i dag, en v\u00e4xande klyfta, arbetsl\u00f6shet och utanf\u00f6rskap. Det \u00e4r den som har lett till SD:s framg\u00e5ngar.<\/p>\n<p>Fnys \u00e5t den.<\/p>\n<p><b>Meningen att jag ska f\u00f6rakta dem<br \/>\n<\/b><a href=\"https:\/\/sven-ove.nu\/wp-content\/uploads\/2014\/06\/Skor.jpg\"><img loading=\"lazy\" decoding=\"async\" class=\"size-thumbnail wp-image-9000 alignright\" alt=\"Skor\" src=\"https:\/\/sven-ove.nu\/wp-content\/uploads\/2014\/06\/Skor-150x150.jpg\" width=\"150\" height=\"150\" \/><\/a>Jo, jag st\u00e5r p\u00e5 gr\u00e4smattan och ska g\u00e5 bort till komposten. D\u00e5 inser jag att det \u00e4r f\u00e4stingtider och tar p\u00e5 mig f\u00f6rsta b\u00e4sta par skor utanf\u00f6r altand\u00f6rren. Hade de nu varit av tr\u00e4 och l\u00e4der, som p\u00e5 1960-talet, s\u00e5 hade de varit progressiva och framstegsv\u00e4nliga. Men nu \u00e4r de av plast, visserligen h\u00e4rligt l\u00e4tta och med prima passform. De kallas foppatofflor och meningen \u00e4r att s\u00e5dana som jag ska f\u00f6rakta dem.<\/p>\n<p>Klassf\u00f6rakt, inser jag i samma stund. Det \u00e4r d\u00e5 jag best\u00e4mmer mig f\u00f6r att b\u00e4ra mina foppatofflor med stolthet i forts\u00e4ttningen. Fnys inte \u00e5t ett par praktiska, svarta skor.<\/p>\n<p>Fnys \u00e5t folkf\u00f6raktet.<b><\/b><\/p>\n<p style=\"padding-left: 30px;\"><i>Dagen efter att jag skrivit inl\u00e4gget ovan (de flesta skrivs i f\u00f6rv\u00e4g) hittar jag f\u00f6ljande ledare av G\u00f6ran Greider i Dagens ETC:<\/i><\/p>\n<p style=\"padding-left: 30px;\"><i><a href=\"http:\/\/www.etc.se\/ledare\/det-nya-foraktet-landsbygden\">Det nya f\u00f6raktet f\u00f6r landsbygden<\/a><\/i><\/p>\n","protected":false},"excerpt":{"rendered":"<p>Ibland \u00e4r jag tr\u00f6gfattad och f\u00f6rst\u00e5r inte att vissa m\u00e4nniskors v\u00e4rderingar \u00e4r en klassfr\u00e5ga. Den handlar om klassf\u00f6rakt. Jag st\u00e5r i gr\u00e4set, mitt i f\u00e4stingtider, n\u00e4r tanken till slut sl\u00e5r mig. Bedr\u00f6vligt parti L\u00e5t oss b\u00f6rja med de 359 248 som r\u00f6stade p\u00e5 Sverigedemokraterna i EU-valet. 9,67 procent. Det \u00e4r ett bedr\u00f6vligt parti, det h\u00e4rstammar &hellip; <a href=\"https:\/\/sven-ove.nu\/?p=8994\" class=\"more-link\">Forts\u00e4tt l\u00e4sa <span class=\"screen-reader-text\">Fnys \u00e5t folkf\u00f6raktet i st\u00e4llet<\/span><\/a><\/p>\n","protected":false},"author":1,"featured_media":0,"comment_status":"open","ping_status":"open","sticky":false,"template":"","format":"standard","meta":{"_crdt_document":"","_monsterinsights_skip_tracking":false,"_monsterinsights_sitenote_active":false,"_monsterinsights_sitenote_note":"","_monsterinsights_sitenote_category":0,"footnotes":""},"categories":[9],"tags":[16,21,17],"class_list":["post-8994","post","type-post","status-publish","format-standard","hentry","category-politik","tag-dumheter","tag-ord","tag-solidaritet"],"_links":{"self":[{"href":"https:\/\/sven-ove.nu\/index.php?rest_route=\/wp\/v2\/posts\/8994","targetHints":{"allow":["GET"]}}],"collection":[{"href":"https:\/\/sven-ove.nu\/index.php?rest_route=\/wp\/v2\/posts"}],"about":[{"href":"https:\/\/sven-ove.nu\/index.php?rest_route=\/wp\/v2\/types\/post"}],"author":[{"embeddable":true,"href":"https:\/\/sven-ove.nu\/index.php?rest_route=\/wp\/v2\/users\/1"}],"replies":[{"embeddable":true,"href":"https:\/\/sven-ove.nu\/index.php?rest_route=%2Fwp%2Fv2%2Fcomments&post=8994"}],"version-history":[{"count":8,"href":"https:\/\/sven-ove.nu\/index.php?rest_route=\/wp\/v2\/posts\/8994\/revisions"}],"predecessor-version":[{"id":9004,"href":"https:\/\/sven-ove.nu\/index.php?rest_route=\/wp\/v2\/posts\/8994\/revisions\/9004"}],"wp:attachment":[{"href":"https:\/\/sven-ove.nu\/index.php?rest_route=%2Fwp%2Fv2%2Fmedia&parent=8994"}],"wp:term":[{"taxonomy":"category","embeddable":true,"href":"https:\/\/sven-ove.nu\/index.php?rest_route=%2Fwp%2Fv2%2Fcategories&post=8994"},{"taxonomy":"post_tag","embeddable":true,"href":"https:\/\/sven-ove.nu\/index.php?rest_route=%2Fwp%2Fv2%2Ftags&post=8994"}],"curies":[{"name":"wp","href":"https:\/\/api.w.org\/{rel}","templated":true}]}}