{"id":9023,"date":"2014-06-09T03:00:55","date_gmt":"2014-06-09T02:00:55","guid":{"rendered":"http:\/\/sven-ove.nu\/?p=9023"},"modified":"2014-06-07T21:45:48","modified_gmt":"2014-06-07T20:45:48","slug":"hemlanat-husdjur-over-helgen","status":"publish","type":"post","link":"https:\/\/sven-ove.nu\/?p=9023","title":{"rendered":"Heml\u00e5nat husdjur \u00f6ver helgen"},"content":{"rendered":"<p>F\u00f6rdelen med att bo med en f\u00f6rskoll\u00e4rare \u00e4r att man d\u00e5 och d\u00e5 f\u00e5r ett husdjur heml\u00e5nat \u00f6ver helgerna. Den h\u00e4r helgen var det en gr\u00f6n larv i en rej\u00e4lt tilltagen glasburk. Hon heter <b>Pyra<\/b>. Lokala efterforskningar visar n\u00e4mligen att hon troligen \u00e4r ett stort buskfly, <i>amphi pyra pyramidea.<\/i><\/p>\n<p>Djuret \u00e4r fyra centimeter l\u00e5ngt, gr\u00f6nt med en liten ljus rand p\u00e5 sidan och baken \u00e4r pyramidformad.<\/p>\n<p>Insektsboken s\u00e4ger att hon tycker mycket om blad av l\u00f6vtr\u00e4d, g\u00e4rna r\u00f6nn och brakved. D\u00e4r \u00e4r boken och larven helt \u00f6verens, hon \u00e4ter stup i kvarten.<\/p>\n<p>Ibland m\u00e5ste f\u00f6rskoll\u00e4raren t\u00f6mma glasburken p\u00e5 avf\u00f6ring, f\u00f6r djuret skiter mest hela tiden. S\u00e5dana g\u00f6rom\u00e5l var det l\u00e4nge sedan vi hade f\u00f6r oss i huset, bl\u00f6jor har vi ont om.<\/p>\n<p>Vi tycker om s\u00e4llskapet.<\/p>\n<p style=\"padding-left: 30px;\"><b>\u00a0<\/b><i>Av h\u00e4nsyn till Pyras integritet publicerar jag ingen bild p\u00e5 henne. Hon vill inte vara med p\u00e5 bild. N\u00e4r detta l\u00e4ses \u00e4r hon hemma p\u00e5 f\u00f6rskolan igen.<\/i><\/p>\n","protected":false},"excerpt":{"rendered":"<p>F\u00f6rdelen med att bo med en f\u00f6rskoll\u00e4rare \u00e4r att man d\u00e5 och d\u00e5 f\u00e5r ett husdjur heml\u00e5nat \u00f6ver helgerna. Den h\u00e4r helgen var det en gr\u00f6n larv i en rej\u00e4lt tilltagen glasburk. Hon heter Pyra. Lokala efterforskningar visar n\u00e4mligen att hon troligen \u00e4r ett stort buskfly, amphi pyra pyramidea. Djuret \u00e4r fyra centimeter l\u00e5ngt, gr\u00f6nt &hellip; <a href=\"https:\/\/sven-ove.nu\/?p=9023\" class=\"more-link\">Forts\u00e4tt l\u00e4sa <span class=\"screen-reader-text\">Heml\u00e5nat husdjur \u00f6ver helgen<\/span><\/a><\/p>\n","protected":false},"author":1,"featured_media":0,"comment_status":"open","ping_status":"open","sticky":false,"template":"","format":"standard","meta":{"_crdt_document":"","_monsterinsights_skip_tracking":false,"_monsterinsights_sitenote_active":false,"_monsterinsights_sitenote_note":"","_monsterinsights_sitenote_category":0,"footnotes":""},"categories":[10,6],"tags":[24],"class_list":["post-9023","post","type-post","status-publish","format-standard","hentry","category-familjen","category-natur","tag-karlek"],"_links":{"self":[{"href":"https:\/\/sven-ove.nu\/index.php?rest_route=\/wp\/v2\/posts\/9023","targetHints":{"allow":["GET"]}}],"collection":[{"href":"https:\/\/sven-ove.nu\/index.php?rest_route=\/wp\/v2\/posts"}],"about":[{"href":"https:\/\/sven-ove.nu\/index.php?rest_route=\/wp\/v2\/types\/post"}],"author":[{"embeddable":true,"href":"https:\/\/sven-ove.nu\/index.php?rest_route=\/wp\/v2\/users\/1"}],"replies":[{"embeddable":true,"href":"https:\/\/sven-ove.nu\/index.php?rest_route=%2Fwp%2Fv2%2Fcomments&post=9023"}],"version-history":[{"count":5,"href":"https:\/\/sven-ove.nu\/index.php?rest_route=\/wp\/v2\/posts\/9023\/revisions"}],"predecessor-version":[{"id":9028,"href":"https:\/\/sven-ove.nu\/index.php?rest_route=\/wp\/v2\/posts\/9023\/revisions\/9028"}],"wp:attachment":[{"href":"https:\/\/sven-ove.nu\/index.php?rest_route=%2Fwp%2Fv2%2Fmedia&parent=9023"}],"wp:term":[{"taxonomy":"category","embeddable":true,"href":"https:\/\/sven-ove.nu\/index.php?rest_route=%2Fwp%2Fv2%2Fcategories&post=9023"},{"taxonomy":"post_tag","embeddable":true,"href":"https:\/\/sven-ove.nu\/index.php?rest_route=%2Fwp%2Fv2%2Ftags&post=9023"}],"curies":[{"name":"wp","href":"https:\/\/api.w.org\/{rel}","templated":true}]}}