{"id":9029,"date":"2014-06-10T03:00:39","date_gmt":"2014-06-10T02:00:39","guid":{"rendered":"http:\/\/sven-ove.nu\/?p=9029"},"modified":"2014-06-08T08:33:23","modified_gmt":"2014-06-08T07:33:23","slug":"til-ungdommen","status":"publish","type":"post","link":"https:\/\/sven-ove.nu\/?p=9029","title":{"rendered":"Til ungdommen"},"content":{"rendered":"<p><a href=\"https:\/\/sven-ove.nu\/wp-content\/uploads\/2014\/06\/Liljorna-vid-b\u00e4cken.jpg\"><img loading=\"lazy\" decoding=\"async\" class=\"alignright size-full wp-image-9031\" alt=\"Liljorna vid b\u00e4cken\" src=\"https:\/\/sven-ove.nu\/wp-content\/uploads\/2014\/06\/Liljorna-vid-b\u00e4cken.jpg\" width=\"720\" height=\"387\" srcset=\"https:\/\/sven-ove.nu\/wp-content\/uploads\/2014\/06\/Liljorna-vid-b\u00e4cken.jpg 720w, https:\/\/sven-ove.nu\/wp-content\/uploads\/2014\/06\/Liljorna-vid-b\u00e4cken-300x161.jpg 300w\" sizes=\"auto, (max-width: 720px) 100vw, 720px\" \/><\/a><\/p>\n<p>N\u00e4r solen skiner som b\u00e4st, gr\u00e4smattan \u00e4r nyklippt, kaffet \u00e4r urdrucket och liljorna st\u00e5r stolta vid b\u00e4cken, d\u00e5 g\u00e5r jag in och kn\u00e4pper p\u00e5 datorn. P\u00e5 Youtube hittar jag s\u00e5ngen som v\u00e5ra v\u00e4nner i Norge sj\u00f6ng den d\u00e4r f\u00f6rf\u00e4rliga julim\u00e5naden f\u00f6r tre \u00e5r sedan. Herborg Kr\u00e5kevik sjunger <b>Til ungdommen<\/b> av <a href=\"http:\/\/sv.wikipedia.org\/wiki\/Nordahl_Grieg\">Nordahl Grieg<\/a>. V\u00e4rnet mot v\u00e5ld \u00e4r tron p\u00e5 m\u00e4nniskov\u00e4rdet. Finns h\u00e4r n\u00f6d och sv\u00e4lt beror det p\u00e5 svek.<\/p>\n<p style=\"padding-left: 30px;\"><i>Her er ditt vern mot vold,<br \/>\nher er ditt sverd:<br \/>\ntroen p\u00e5 livet v\u00e5rt,<br \/>\nmenneskets verd.<br \/>\n<\/i><i>\u2026<\/i><\/p>\n<p style=\"padding-left: 30px;\"><i>Edelt er mennesket,<br \/>\njorden er rik!<br \/>\nFinnes her n\u00f8d og sult<br \/>\nskyldes det svik.<\/i><\/p>\n<p>Sakta nynnar jag Nordahl Griegs vackra rader medan jag g\u00e5r ut igen f\u00f6r en tur med den nyladdade gr\u00e4strimmern.<\/p>\n<p style=\"padding-left: 30px;\"><i>Dette er l\u00f8ftet v\u00e5rt<br \/>\nfra bror til bror:<br \/>\nvi vil bli gode mot<br \/>\nmenskenes jord.\u2028\u2028<\/i><i>\u00a0<\/i><\/p>\n<p style=\"padding-left: 30px;\"><i>Vi vil ta vare p\u00e5<br \/>\n<\/i><i>skj\u00f8nnheten, varmen<br \/>\n<\/i><i>som om vi bar et barn<br \/>\n<\/i><i>varsomt p\u00e5 armen.<\/i><\/p>\n<p><b>Youtube-l\u00e4nk:<br \/>\n<\/b><b>Herborg Kr\u00e5kevik: <a href=\"https:\/\/www.youtube.com\/watch?v=_EvhUAIb4jw\">Til ungdommen<br \/>\n<\/a><\/b><i>P\u00e5 Spotify hittar du en vacker inl\u00e4sning av Aase Bye. Liksom Kim Larsens version.<\/i><\/p>\n","protected":false},"excerpt":{"rendered":"<p>N\u00e4r solen skiner som b\u00e4st, gr\u00e4smattan \u00e4r nyklippt, kaffet \u00e4r urdrucket och liljorna st\u00e5r stolta vid b\u00e4cken, d\u00e5 g\u00e5r jag in och kn\u00e4pper p\u00e5 datorn. P\u00e5 Youtube hittar jag s\u00e5ngen som v\u00e5ra v\u00e4nner i Norge sj\u00f6ng den d\u00e4r f\u00f6rf\u00e4rliga julim\u00e5naden f\u00f6r tre \u00e5r sedan. Herborg Kr\u00e5kevik sjunger Til ungdommen av Nordahl Grieg. V\u00e4rnet mot v\u00e5ld &hellip; <a href=\"https:\/\/sven-ove.nu\/?p=9029\" class=\"more-link\">Forts\u00e4tt l\u00e4sa <span class=\"screen-reader-text\">Til ungdommen<\/span><\/a><\/p>\n","protected":false},"author":1,"featured_media":0,"comment_status":"open","ping_status":"open","sticky":false,"template":"","format":"standard","meta":{"_crdt_document":"","_monsterinsights_skip_tracking":false,"_monsterinsights_sitenote_active":false,"_monsterinsights_sitenote_note":"","_monsterinsights_sitenote_category":0,"footnotes":""},"categories":[6,9],"tags":[24,14,17],"class_list":["post-9029","post","type-post","status-publish","format-standard","hentry","category-natur","category-politik","tag-karlek","tag-lasning","tag-solidaritet"],"_links":{"self":[{"href":"https:\/\/sven-ove.nu\/index.php?rest_route=\/wp\/v2\/posts\/9029","targetHints":{"allow":["GET"]}}],"collection":[{"href":"https:\/\/sven-ove.nu\/index.php?rest_route=\/wp\/v2\/posts"}],"about":[{"href":"https:\/\/sven-ove.nu\/index.php?rest_route=\/wp\/v2\/types\/post"}],"author":[{"embeddable":true,"href":"https:\/\/sven-ove.nu\/index.php?rest_route=\/wp\/v2\/users\/1"}],"replies":[{"embeddable":true,"href":"https:\/\/sven-ove.nu\/index.php?rest_route=%2Fwp%2Fv2%2Fcomments&post=9029"}],"version-history":[{"count":3,"href":"https:\/\/sven-ove.nu\/index.php?rest_route=\/wp\/v2\/posts\/9029\/revisions"}],"predecessor-version":[{"id":9033,"href":"https:\/\/sven-ove.nu\/index.php?rest_route=\/wp\/v2\/posts\/9029\/revisions\/9033"}],"wp:attachment":[{"href":"https:\/\/sven-ove.nu\/index.php?rest_route=%2Fwp%2Fv2%2Fmedia&parent=9029"}],"wp:term":[{"taxonomy":"category","embeddable":true,"href":"https:\/\/sven-ove.nu\/index.php?rest_route=%2Fwp%2Fv2%2Fcategories&post=9029"},{"taxonomy":"post_tag","embeddable":true,"href":"https:\/\/sven-ove.nu\/index.php?rest_route=%2Fwp%2Fv2%2Ftags&post=9029"}],"curies":[{"name":"wp","href":"https:\/\/api.w.org\/{rel}","templated":true}]}}