{"id":9034,"date":"2014-06-11T03:00:05","date_gmt":"2014-06-11T02:00:05","guid":{"rendered":"http:\/\/sven-ove.nu\/?p=9034"},"modified":"2014-06-10T14:45:23","modified_gmt":"2014-06-10T13:45:23","slug":"ju-hogre-lon-desto-mindre","status":"publish","type":"post","link":"https:\/\/sven-ove.nu\/?p=9034","title":{"rendered":"Ju h\u00f6gre l\u00f6n desto mindre"},"content":{"rendered":"<p>Telefon\u00f6ren ringer. Han har kommit p\u00e5 en sak, s\u00e4ger han:<br \/>\n&#8211; Ju h\u00f6gre l\u00f6n desto mindre hund.<br \/>\n&#8211; D\u00e5rfink, svarar jag.<\/p>\n<p>Sedan pratar vi om v\u00e4dret i st\u00e4llet. N\u00e4r solen skiner och gr\u00e4set v\u00e4xer s\u00e5 det bubblar, d\u00e5 har den fattige inte ett str\u00e5, f\u00f6rklarar han. Telefon\u00f6ren \u00e4r s\u00e5 d\u00e4r ibland. Aldrig att jag h\u00f6rt honom s\u00e4ga \u201dklasskamp\u201d, \u201dklyftor\u201d eller \u201ddjupt or\u00e4ttvist\u201d.<\/p>\n<p>Han t\u00e4nker ut sina\u00a0tankar sj\u00e4lv och formar dem av egna ord.<br \/>\nJas\u00e5, har de sm\u00e5hundar de.<\/p>\n<p><a href=\"https:\/\/sven-ove.nu\/wp-content\/uploads\/2014\/06\/Hundstorleksteorin.jpg\"><img loading=\"lazy\" decoding=\"async\" class=\"size-full wp-image-9039 alignleft\" alt=\"Hundstorleksteorin\" src=\"https:\/\/sven-ove.nu\/wp-content\/uploads\/2014\/06\/Hundstorleksteorin.jpg\" width=\"458\" height=\"280\" srcset=\"https:\/\/sven-ove.nu\/wp-content\/uploads\/2014\/06\/Hundstorleksteorin.jpg 458w, https:\/\/sven-ove.nu\/wp-content\/uploads\/2014\/06\/Hundstorleksteorin-300x183.jpg 300w\" sizes=\"auto, (max-width: 458px) 100vw, 458px\" \/><\/a><\/p>\n<p>&nbsp;<\/p>\n<p>&nbsp;<\/p>\n<p>&nbsp;<\/p>\n<p>&nbsp;<\/p>\n<p>&nbsp;<\/p>\n<p>&nbsp;<\/p>\n<p>&nbsp;<\/p>\n","protected":false},"excerpt":{"rendered":"<p>Telefon\u00f6ren ringer. Han har kommit p\u00e5 en sak, s\u00e4ger han: &#8211; Ju h\u00f6gre l\u00f6n desto mindre hund. &#8211; D\u00e5rfink, svarar jag. Sedan pratar vi om v\u00e4dret i st\u00e4llet. N\u00e4r solen skiner och gr\u00e4set v\u00e4xer s\u00e5 det bubblar, d\u00e5 har den fattige inte ett str\u00e5, f\u00f6rklarar han. Telefon\u00f6ren \u00e4r s\u00e5 d\u00e4r ibland. Aldrig att jag h\u00f6rt &hellip; <a href=\"https:\/\/sven-ove.nu\/?p=9034\" class=\"more-link\">Forts\u00e4tt l\u00e4sa <span class=\"screen-reader-text\">Ju h\u00f6gre l\u00f6n desto mindre<\/span><\/a><\/p>\n","protected":false},"author":1,"featured_media":0,"comment_status":"open","ping_status":"open","sticky":false,"template":"","format":"standard","meta":{"_crdt_document":"","_monsterinsights_skip_tracking":false,"_monsterinsights_sitenote_active":false,"_monsterinsights_sitenote_note":"","_monsterinsights_sitenote_category":0,"footnotes":""},"categories":[6],"tags":[18,13],"class_list":["post-9034","post","type-post","status-publish","format-standard","hentry","category-natur","tag-lardomar","tag-utrustning"],"_links":{"self":[{"href":"https:\/\/sven-ove.nu\/index.php?rest_route=\/wp\/v2\/posts\/9034","targetHints":{"allow":["GET"]}}],"collection":[{"href":"https:\/\/sven-ove.nu\/index.php?rest_route=\/wp\/v2\/posts"}],"about":[{"href":"https:\/\/sven-ove.nu\/index.php?rest_route=\/wp\/v2\/types\/post"}],"author":[{"embeddable":true,"href":"https:\/\/sven-ove.nu\/index.php?rest_route=\/wp\/v2\/users\/1"}],"replies":[{"embeddable":true,"href":"https:\/\/sven-ove.nu\/index.php?rest_route=%2Fwp%2Fv2%2Fcomments&post=9034"}],"version-history":[{"count":6,"href":"https:\/\/sven-ove.nu\/index.php?rest_route=\/wp\/v2\/posts\/9034\/revisions"}],"predecessor-version":[{"id":9042,"href":"https:\/\/sven-ove.nu\/index.php?rest_route=\/wp\/v2\/posts\/9034\/revisions\/9042"}],"wp:attachment":[{"href":"https:\/\/sven-ove.nu\/index.php?rest_route=%2Fwp%2Fv2%2Fmedia&parent=9034"}],"wp:term":[{"taxonomy":"category","embeddable":true,"href":"https:\/\/sven-ove.nu\/index.php?rest_route=%2Fwp%2Fv2%2Fcategories&post=9034"},{"taxonomy":"post_tag","embeddable":true,"href":"https:\/\/sven-ove.nu\/index.php?rest_route=%2Fwp%2Fv2%2Ftags&post=9034"}],"curies":[{"name":"wp","href":"https:\/\/api.w.org\/{rel}","templated":true}]}}