{"id":9043,"date":"2014-06-12T03:00:45","date_gmt":"2014-06-12T02:00:45","guid":{"rendered":"http:\/\/sven-ove.nu\/?p=9043"},"modified":"2014-06-12T07:04:53","modified_gmt":"2014-06-12T06:04:53","slug":"mitt-i-minnena-pa-almars-gard","status":"publish","type":"post","link":"https:\/\/sven-ove.nu\/?p=9043","title":{"rendered":"Mitt i minnena p\u00e5 Almars g\u00e5rd"},"content":{"rendered":"<p><a href=\"https:\/\/sven-ove.nu\/wp-content\/uploads\/2014\/06\/Almars-ladug\u00e5rd.jpg\"><img loading=\"lazy\" decoding=\"async\" class=\"alignright size-full wp-image-9046\" alt=\"Almars ladug\u00e5rd\" src=\"https:\/\/sven-ove.nu\/wp-content\/uploads\/2014\/06\/Almars-ladug\u00e5rd.jpg\" width=\"960\" height=\"495\" srcset=\"https:\/\/sven-ove.nu\/wp-content\/uploads\/2014\/06\/Almars-ladug\u00e5rd.jpg 960w, https:\/\/sven-ove.nu\/wp-content\/uploads\/2014\/06\/Almars-ladug\u00e5rd-300x154.jpg 300w\" sizes=\"auto, (max-width: 960px) 100vw, 960px\" \/><\/a><\/p>\n<p>Jag har hamnat i barndomen min. Almars g\u00e5rd norr om Karlstad, den som mina f\u00f6r\u00e4ldrar och farf\u00f6r\u00e4ldrar arrenderade av kyrkan i tio \u00e5r innan flytten i b\u00f6rjan p\u00e5 1959. H\u00e4r l\u00e4rde jag mig g\u00e5, d\u00e4r borta d\u00e4r det \u00e4r restaurang nu l\u00e4rde jag mig dricka spenvarm mj\u00f6lk. Farmor brukade ge mig den i mugg och katterna fick sin p\u00e5 fat.<\/p>\n<p>&#8211; Tyckte jag verkligen om nymj\u00f6lkad mj\u00f6lk, farmor?<br \/>\n&#8211; Ja, svarade hon i alla \u00e5r s\u00e5 l\u00e4nge hon levde. Det var du och katterna.<\/p>\n<p style=\"padding-left: 30px;\"><b>L\u00e4nk till min kr\u00f6nika p\u00e5 Tankesmedjan Ida:<br \/>\n<\/b><a href=\"http:\/\/tankesmedjanida.se\/?chronicle=pa-en-lagardsbacke-mitt-i-minnena\" target=\"_blank\"><b>P\u00e5 en lag\u00e5rdsbacke mitt i minnena<\/b><\/a><\/p>\n","protected":false},"excerpt":{"rendered":"<p>Jag har hamnat i barndomen min. Almars g\u00e5rd norr om Karlstad, den som mina f\u00f6r\u00e4ldrar och farf\u00f6r\u00e4ldrar arrenderade av kyrkan i tio \u00e5r innan flytten i b\u00f6rjan p\u00e5 1959. H\u00e4r l\u00e4rde jag mig g\u00e5, d\u00e4r borta d\u00e4r det \u00e4r restaurang nu l\u00e4rde jag mig dricka spenvarm mj\u00f6lk. Farmor brukade ge mig den i mugg och &hellip; <a href=\"https:\/\/sven-ove.nu\/?p=9043\" class=\"more-link\">Forts\u00e4tt l\u00e4sa <span class=\"screen-reader-text\">Mitt i minnena p\u00e5 Almars g\u00e5rd<\/span><\/a><\/p>\n","protected":false},"author":1,"featured_media":0,"comment_status":"open","ping_status":"open","sticky":false,"template":"","format":"standard","meta":{"_crdt_document":"","_monsterinsights_skip_tracking":false,"_monsterinsights_sitenote_active":false,"_monsterinsights_sitenote_note":"","_monsterinsights_sitenote_category":0,"footnotes":""},"categories":[10,6],"tags":[8,24],"class_list":["post-9043","post","type-post","status-publish","format-standard","hentry","category-familjen","category-natur","tag-historia","tag-karlek"],"_links":{"self":[{"href":"https:\/\/sven-ove.nu\/index.php?rest_route=\/wp\/v2\/posts\/9043","targetHints":{"allow":["GET"]}}],"collection":[{"href":"https:\/\/sven-ove.nu\/index.php?rest_route=\/wp\/v2\/posts"}],"about":[{"href":"https:\/\/sven-ove.nu\/index.php?rest_route=\/wp\/v2\/types\/post"}],"author":[{"embeddable":true,"href":"https:\/\/sven-ove.nu\/index.php?rest_route=\/wp\/v2\/users\/1"}],"replies":[{"embeddable":true,"href":"https:\/\/sven-ove.nu\/index.php?rest_route=%2Fwp%2Fv2%2Fcomments&post=9043"}],"version-history":[{"count":3,"href":"https:\/\/sven-ove.nu\/index.php?rest_route=\/wp\/v2\/posts\/9043\/revisions"}],"predecessor-version":[{"id":9053,"href":"https:\/\/sven-ove.nu\/index.php?rest_route=\/wp\/v2\/posts\/9043\/revisions\/9053"}],"wp:attachment":[{"href":"https:\/\/sven-ove.nu\/index.php?rest_route=%2Fwp%2Fv2%2Fmedia&parent=9043"}],"wp:term":[{"taxonomy":"category","embeddable":true,"href":"https:\/\/sven-ove.nu\/index.php?rest_route=%2Fwp%2Fv2%2Fcategories&post=9043"},{"taxonomy":"post_tag","embeddable":true,"href":"https:\/\/sven-ove.nu\/index.php?rest_route=%2Fwp%2Fv2%2Ftags&post=9043"}],"curies":[{"name":"wp","href":"https:\/\/api.w.org\/{rel}","templated":true}]}}