{"id":9054,"date":"2014-06-14T03:00:45","date_gmt":"2014-06-14T02:00:45","guid":{"rendered":"http:\/\/sven-ove.nu\/?p=9054"},"modified":"2014-06-13T17:27:34","modified_gmt":"2014-06-13T16:27:34","slug":"den-stora-varlden-och-den-lilla","status":"publish","type":"post","link":"https:\/\/sven-ove.nu\/?p=9054","title":{"rendered":"Den stora v\u00e4rlden och den lilla"},"content":{"rendered":"<p><a href=\"https:\/\/sven-ove.nu\/wp-content\/uploads\/2014\/06\/Pr\u00e4stkragar1.jpg\"><img loading=\"lazy\" decoding=\"async\" class=\"alignright size-medium wp-image-9056\" alt=\"Pr\u00e4stkragar\" src=\"https:\/\/sven-ove.nu\/wp-content\/uploads\/2014\/06\/Pr\u00e4stkragar1-203x300.jpg\" width=\"203\" height=\"300\" srcset=\"https:\/\/sven-ove.nu\/wp-content\/uploads\/2014\/06\/Pr\u00e4stkragar1-203x300.jpg 203w, https:\/\/sven-ove.nu\/wp-content\/uploads\/2014\/06\/Pr\u00e4stkragar1-695x1024.jpg 695w, https:\/\/sven-ove.nu\/wp-content\/uploads\/2014\/06\/Pr\u00e4stkragar1.jpg 1048w\" sizes=\"auto, (max-width: 203px) 100vw, 203px\" \/><\/a>Ju \u00e4ldre jag blir, desto viktigare blir den stora v\u00e4rlden. Och den lilla.<\/p>\n<p>Jag t\u00e4nker p\u00e5 kampen mot rasism och fr\u00e4mlingsfientlighet. Jag t\u00e4nker p\u00e5 m\u00e4nniskov\u00e4rde, utslagning, st\u00e4ndigt \u00f6kande klyftor\u2026 Hata de or\u00e4ttvisorna!<\/p>\n<p>Mitt i allt det l\u00e4r jag mig mer och mer att s\u00e4tta v\u00e4rde p\u00e5 fikastunden med den k\u00e4ra v\u00e4nnen p\u00e5 altanen, bland pr\u00e4stkragar och l\u00f6vs\u00e5ngare. L\u00f6pturen \u00f6ver \u00e4ngen intill, f\u00f6rbi hennes f\u00f6rskola, macken, bussh\u00e5llplatsen och elljusbacken.<\/p>\n<p>Eller den traditionsenliga syskon- och kusintr\u00e4ffen. Vi tar med kubbspelet, har vi lovat. I \u00e5r blir jag lika farlig som den g\u00e5ngen jag sk\u00f6t luftgev\u00e4r som den v\u00e4rsta Buffalo Bill.\u00a0De osannolika pl\u00e5tburkstr\u00e4ffarna ekar \u00e4n i sl\u00e4ktens minne.<\/p>\n<p>H\u00e4r hemma \u00e4r det ingen som tror mig. &#8221;Skjuter som en kr\u00e5ka&#8221; stod det i milit\u00e4rl\u00e4karns journal i lumpen.<\/p>\n","protected":false},"excerpt":{"rendered":"<p>Ju \u00e4ldre jag blir, desto viktigare blir den stora v\u00e4rlden. Och den lilla. Jag t\u00e4nker p\u00e5 kampen mot rasism och fr\u00e4mlingsfientlighet. Jag t\u00e4nker p\u00e5 m\u00e4nniskov\u00e4rde, utslagning, st\u00e4ndigt \u00f6kande klyftor\u2026 Hata de or\u00e4ttvisorna! Mitt i allt det l\u00e4r jag mig mer och mer att s\u00e4tta v\u00e4rde p\u00e5 fikastunden med den k\u00e4ra v\u00e4nnen p\u00e5 altanen, bland pr\u00e4stkragar &hellip; <a href=\"https:\/\/sven-ove.nu\/?p=9054\" class=\"more-link\">Forts\u00e4tt l\u00e4sa <span class=\"screen-reader-text\">Den stora v\u00e4rlden och den lilla<\/span><\/a><\/p>\n","protected":false},"author":1,"featured_media":0,"comment_status":"open","ping_status":"open","sticky":false,"template":"","format":"standard","meta":{"_crdt_document":"","_monsterinsights_skip_tracking":false,"_monsterinsights_sitenote_active":false,"_monsterinsights_sitenote_note":"","_monsterinsights_sitenote_category":0,"footnotes":""},"categories":[10,5,9],"tags":[24],"class_list":["post-9054","post","type-post","status-publish","format-standard","hentry","category-familjen","category-lopning","category-politik","tag-karlek"],"_links":{"self":[{"href":"https:\/\/sven-ove.nu\/index.php?rest_route=\/wp\/v2\/posts\/9054","targetHints":{"allow":["GET"]}}],"collection":[{"href":"https:\/\/sven-ove.nu\/index.php?rest_route=\/wp\/v2\/posts"}],"about":[{"href":"https:\/\/sven-ove.nu\/index.php?rest_route=\/wp\/v2\/types\/post"}],"author":[{"embeddable":true,"href":"https:\/\/sven-ove.nu\/index.php?rest_route=\/wp\/v2\/users\/1"}],"replies":[{"embeddable":true,"href":"https:\/\/sven-ove.nu\/index.php?rest_route=%2Fwp%2Fv2%2Fcomments&post=9054"}],"version-history":[{"count":4,"href":"https:\/\/sven-ove.nu\/index.php?rest_route=\/wp\/v2\/posts\/9054\/revisions"}],"predecessor-version":[{"id":9059,"href":"https:\/\/sven-ove.nu\/index.php?rest_route=\/wp\/v2\/posts\/9054\/revisions\/9059"}],"wp:attachment":[{"href":"https:\/\/sven-ove.nu\/index.php?rest_route=%2Fwp%2Fv2%2Fmedia&parent=9054"}],"wp:term":[{"taxonomy":"category","embeddable":true,"href":"https:\/\/sven-ove.nu\/index.php?rest_route=%2Fwp%2Fv2%2Fcategories&post=9054"},{"taxonomy":"post_tag","embeddable":true,"href":"https:\/\/sven-ove.nu\/index.php?rest_route=%2Fwp%2Fv2%2Ftags&post=9054"}],"curies":[{"name":"wp","href":"https:\/\/api.w.org\/{rel}","templated":true}]}}