{"id":9087,"date":"2014-06-26T03:00:35","date_gmt":"2014-06-26T02:00:35","guid":{"rendered":"http:\/\/sven-ove.nu\/?p=9087"},"modified":"2014-06-25T17:35:04","modified_gmt":"2014-06-25T16:35:04","slug":"laser-bok-fran-1896-med-gamla-uttryck","status":"publish","type":"post","link":"https:\/\/sven-ove.nu\/?p=9087","title":{"rendered":"L\u00e4ser bok fr\u00e5n 1896 med gamla uttryck"},"content":{"rendered":"<p><a href=\"https:\/\/sven-ove.nu\/wp-content\/uploads\/2014\/06\/Solen-och-molnen.jpg\"><img loading=\"lazy\" decoding=\"async\" class=\"alignleft size-large wp-image-9089\" alt=\"Solen och molnen\" src=\"https:\/\/sven-ove.nu\/wp-content\/uploads\/2014\/06\/Solen-och-molnen-903x1024.jpg\" width=\"640\" height=\"725\" srcset=\"https:\/\/sven-ove.nu\/wp-content\/uploads\/2014\/06\/Solen-och-molnen-903x1024.jpg 903w, https:\/\/sven-ove.nu\/wp-content\/uploads\/2014\/06\/Solen-och-molnen-264x300.jpg 264w, https:\/\/sven-ove.nu\/wp-content\/uploads\/2014\/06\/Solen-och-molnen.jpg 1012w\" sizes=\"auto, (max-width: 640px) 100vw, 640px\" \/><\/a><\/p>\n<p>Jag ska skicke dig s\u00e5 h\u00f6gt i v\u00e4dre\u2019 s\u00e5 k\u00f4rpera ska hinne bygge bo i r\u00f4va p\u00e5 dig innan du hinner ner.<br \/>\nDet \u00e4r slute\u2019 som g\u00e5r, sa bonnen n\u00e4r skithuse\u2019 brann.<br \/>\nDet var svettigt sa skr\u00e4ddarn, slogs med ankonger\u2019a.<br \/>\nStort namn p\u00e5 litten by, hunn\u2019 hette H\u00e5kan.<br \/>\nAlltid f\u00e5r en n\u00f4e m\u00e4, sa han som tugga \u00f4t katta.<\/p>\n<p>Fattig var far min men inte \u00e5t han m\u00f6ss.<\/p>\n<p style=\"padding-left: 30px;\"><i>V\u00e4dre\u2019: v\u00e4dret. K\u00f4rpera: korparna. R\u00f4va: r\u00f6ven. Ankonger\u2019a: ankungarna. Hunn\u2019: hunden. N\u00f4e: n\u00e5got. \u00d4t: \u00e5t. Katta: katten. M\u00e4: med.<\/i><\/p>\n","protected":false},"excerpt":{"rendered":"<p>Jag ska skicke dig s\u00e5 h\u00f6gt i v\u00e4dre\u2019 s\u00e5 k\u00f4rpera ska hinne bygge bo i r\u00f4va p\u00e5 dig innan du hinner ner. Det \u00e4r slute\u2019 som g\u00e5r, sa bonnen n\u00e4r skithuse\u2019 brann. Det var svettigt sa skr\u00e4ddarn, slogs med ankonger\u2019a. Stort namn p\u00e5 litten by, hunn\u2019 hette H\u00e5kan. Alltid f\u00e5r en n\u00f4e m\u00e4, sa han &hellip; <a href=\"https:\/\/sven-ove.nu\/?p=9087\" class=\"more-link\">Forts\u00e4tt l\u00e4sa <span class=\"screen-reader-text\">L\u00e4ser bok fr\u00e5n 1896 med gamla uttryck<\/span><\/a><\/p>\n","protected":false},"author":1,"featured_media":0,"comment_status":"open","ping_status":"open","sticky":false,"template":"","format":"standard","meta":{"_crdt_document":"","_monsterinsights_skip_tracking":false,"_monsterinsights_sitenote_active":false,"_monsterinsights_sitenote_note":"","_monsterinsights_sitenote_category":0,"footnotes":""},"categories":[4],"tags":[8,14,21],"class_list":["post-9087","post","type-post","status-publish","format-standard","hentry","category-skrivande","tag-historia","tag-lasning","tag-ord"],"_links":{"self":[{"href":"https:\/\/sven-ove.nu\/index.php?rest_route=\/wp\/v2\/posts\/9087","targetHints":{"allow":["GET"]}}],"collection":[{"href":"https:\/\/sven-ove.nu\/index.php?rest_route=\/wp\/v2\/posts"}],"about":[{"href":"https:\/\/sven-ove.nu\/index.php?rest_route=\/wp\/v2\/types\/post"}],"author":[{"embeddable":true,"href":"https:\/\/sven-ove.nu\/index.php?rest_route=\/wp\/v2\/users\/1"}],"replies":[{"embeddable":true,"href":"https:\/\/sven-ove.nu\/index.php?rest_route=%2Fwp%2Fv2%2Fcomments&post=9087"}],"version-history":[{"count":3,"href":"https:\/\/sven-ove.nu\/index.php?rest_route=\/wp\/v2\/posts\/9087\/revisions"}],"predecessor-version":[{"id":9091,"href":"https:\/\/sven-ove.nu\/index.php?rest_route=\/wp\/v2\/posts\/9087\/revisions\/9091"}],"wp:attachment":[{"href":"https:\/\/sven-ove.nu\/index.php?rest_route=%2Fwp%2Fv2%2Fmedia&parent=9087"}],"wp:term":[{"taxonomy":"category","embeddable":true,"href":"https:\/\/sven-ove.nu\/index.php?rest_route=%2Fwp%2Fv2%2Fcategories&post=9087"},{"taxonomy":"post_tag","embeddable":true,"href":"https:\/\/sven-ove.nu\/index.php?rest_route=%2Fwp%2Fv2%2Ftags&post=9087"}],"curies":[{"name":"wp","href":"https:\/\/api.w.org\/{rel}","templated":true}]}}