{"id":9101,"date":"2014-06-28T03:00:47","date_gmt":"2014-06-28T02:00:47","guid":{"rendered":"http:\/\/sven-ove.nu\/?p=9101"},"modified":"2014-06-28T08:21:29","modified_gmt":"2014-06-28T07:21:29","slug":"mejl-mitt-pa-blanka-fredagseftermiddan","status":"publish","type":"post","link":"https:\/\/sven-ove.nu\/?p=9101","title":{"rendered":"Mejl mitt p\u00e5 blanka fredagseftermiddan"},"content":{"rendered":"<p><a href=\"https:\/\/sven-ove.nu\/wp-content\/uploads\/2014\/06\/Eld.jpg\"><img loading=\"lazy\" decoding=\"async\" class=\"alignright size-full wp-image-9102\" alt=\"Eld\" src=\"https:\/\/sven-ove.nu\/wp-content\/uploads\/2014\/06\/Eld.jpg\" width=\"199\" height=\"392\" srcset=\"https:\/\/sven-ove.nu\/wp-content\/uploads\/2014\/06\/Eld.jpg 199w, https:\/\/sven-ove.nu\/wp-content\/uploads\/2014\/06\/Eld-152x300.jpg 152w\" sizes=\"auto, (max-width: 199px) 100vw, 199px\" \/><\/a>Det kom ett mejl. N\u00e5gon vill att\u2026 asch, d\u00e4 kvetter. Hur som helst st\u00e4lls fr\u00e5gan p\u00e5 sin spets efter tv\u00e5 och ett halvt \u00e5r. Ska jag forts\u00e4tta med detta skrivande i sanden? Inte f\u00f6r\u00e4ndrar det v\u00e4rlden.<\/p>\n<p style=\"padding-left: 30px;\"><strong>Jo, det f\u00f6r\u00e4ndrar v\u00e4rlden.<\/strong><\/p>\n<p style=\"padding-left: 30px;\"><strong>Kan du g\u00f6ra en enda m\u00e4nniska glad och i n\u00e4sta stund f\u00e5 henne att fundera \u00f6ver varf\u00f6r kvinnor och m\u00e4n tj\u00e4nar olika, munkforsbor och danderydsbor tj\u00e4nar olika, folk med olika hudf\u00e4rg behandlas olika, ja d\u00e5 har det betydelse. En enda m\u00e4nniska, det r\u00e4cker.<\/strong><\/p>\n<p>Det kom ett mejl fr\u00e5n en v\u00e4n. Ska jag nu g\u00e5 hela denna helg och grunna \u00f6ver hur mycket tid en 63-\u00e5rings skrivkl\u00e5da ska f\u00e5 ta, ett tag till? Brinner elden \u00e4n?<\/p>\n<p>Klart jag vet vad svaret \u00e4r. Brinner g\u00f6r det nog, men nej tack. Eller ja tack.<br \/>\nVarf\u00f6r blir jag aldrig klok, enkel och snabbest\u00e4md?<\/p>\n","protected":false},"excerpt":{"rendered":"<p>Det kom ett mejl. N\u00e5gon vill att\u2026 asch, d\u00e4 kvetter. Hur som helst st\u00e4lls fr\u00e5gan p\u00e5 sin spets efter tv\u00e5 och ett halvt \u00e5r. Ska jag forts\u00e4tta med detta skrivande i sanden? Inte f\u00f6r\u00e4ndrar det v\u00e4rlden. Jo, det f\u00f6r\u00e4ndrar v\u00e4rlden. Kan du g\u00f6ra en enda m\u00e4nniska glad och i n\u00e4sta stund f\u00e5 henne att fundera &hellip; <a href=\"https:\/\/sven-ove.nu\/?p=9101\" class=\"more-link\">Forts\u00e4tt l\u00e4sa <span class=\"screen-reader-text\">Mejl mitt p\u00e5 blanka fredagseftermiddan<\/span><\/a><\/p>\n","protected":false},"author":1,"featured_media":0,"comment_status":"open","ping_status":"open","sticky":false,"template":"","format":"standard","meta":{"_crdt_document":"","_monsterinsights_skip_tracking":false,"_monsterinsights_sitenote_active":false,"_monsterinsights_sitenote_note":"","_monsterinsights_sitenote_category":0,"footnotes":""},"categories":[4],"tags":[24,17],"class_list":["post-9101","post","type-post","status-publish","format-standard","hentry","category-skrivande","tag-karlek","tag-solidaritet"],"_links":{"self":[{"href":"https:\/\/sven-ove.nu\/index.php?rest_route=\/wp\/v2\/posts\/9101","targetHints":{"allow":["GET"]}}],"collection":[{"href":"https:\/\/sven-ove.nu\/index.php?rest_route=\/wp\/v2\/posts"}],"about":[{"href":"https:\/\/sven-ove.nu\/index.php?rest_route=\/wp\/v2\/types\/post"}],"author":[{"embeddable":true,"href":"https:\/\/sven-ove.nu\/index.php?rest_route=\/wp\/v2\/users\/1"}],"replies":[{"embeddable":true,"href":"https:\/\/sven-ove.nu\/index.php?rest_route=%2Fwp%2Fv2%2Fcomments&post=9101"}],"version-history":[{"count":5,"href":"https:\/\/sven-ove.nu\/index.php?rest_route=\/wp\/v2\/posts\/9101\/revisions"}],"predecessor-version":[{"id":9108,"href":"https:\/\/sven-ove.nu\/index.php?rest_route=\/wp\/v2\/posts\/9101\/revisions\/9108"}],"wp:attachment":[{"href":"https:\/\/sven-ove.nu\/index.php?rest_route=%2Fwp%2Fv2%2Fmedia&parent=9101"}],"wp:term":[{"taxonomy":"category","embeddable":true,"href":"https:\/\/sven-ove.nu\/index.php?rest_route=%2Fwp%2Fv2%2Fcategories&post=9101"},{"taxonomy":"post_tag","embeddable":true,"href":"https:\/\/sven-ove.nu\/index.php?rest_route=%2Fwp%2Fv2%2Ftags&post=9101"}],"curies":[{"name":"wp","href":"https:\/\/api.w.org\/{rel}","templated":true}]}}