{"id":9109,"date":"2014-06-30T03:00:59","date_gmt":"2014-06-30T02:00:59","guid":{"rendered":"http:\/\/sven-ove.nu\/?p=9109"},"modified":"2014-06-29T09:53:31","modified_gmt":"2014-06-29T08:53:31","slug":"rack-mig-handen-din","status":"publish","type":"post","link":"https:\/\/sven-ove.nu\/?p=9109","title":{"rendered":"R\u00e4ck mig handen din"},"content":{"rendered":"<p><a href=\"https:\/\/sven-ove.nu\/wp-content\/uploads\/2014\/06\/Kom-i-stugan-in.jpg\"><img loading=\"lazy\" decoding=\"async\" class=\"alignright size-medium wp-image-9111\" alt=\"Kom i stugan in\" src=\"https:\/\/sven-ove.nu\/wp-content\/uploads\/2014\/06\/Kom-i-stugan-in-223x300.jpg\" width=\"223\" height=\"300\" srcset=\"https:\/\/sven-ove.nu\/wp-content\/uploads\/2014\/06\/Kom-i-stugan-in-223x300.jpg 223w, https:\/\/sven-ove.nu\/wp-content\/uploads\/2014\/06\/Kom-i-stugan-in.jpg 406w\" sizes=\"auto, (max-width: 223px) 100vw, 223px\" \/><\/a>Det utbr\u00f6t en debatt i mitt husorgan V\u00e4rmlands Folkblad. Gjorde vissa antirasister r\u00e4tt n\u00e4r Jimmie \u00c5kesson talade p\u00e5 Stora torget i Karlstad? Ska man f\u00f6rs\u00f6ka \u00f6verr\u00f6sta sina politiska motst\u00e5ndare?<\/p>\n<p>Vad jag tycker i den demokratifr\u00e5gan kan du kanske ana. Klicka p\u00e5 l\u00e4nken Politik h\u00e4r ovanf\u00f6r, s\u00e5 ser du hoppas jag. H\u00e4r \u00e4r mitt inl\u00e4gg i debatten. Vill du l\u00e4sa vad andra skrivit? G\u00e5 in p\u00e5 <a href=\"http:\/\/www.vf.se\">vf.se<\/a> och s\u00f6k p\u00e5 Mats Parner, Rolf Ahlz\u00e9n, Anders Wiklund, Mikael Kruse och Gunnar Odhner.<\/p>\n<p style=\"padding-left: 30px;\"><strong>Mitt inl\u00e4gg:<\/strong><br \/>\n<a href=\"http:\/\/www.vf.se\/asikter\/debatt\/kom-ja-kom-i-stugan-rack-mig-handen-din\">http:\/\/www.vf.se\/asikter\/debatt\/kom-ja-kom-i-stugan-rack-mig-handen-din<\/a><\/p>\n<p>Gunnar Odhner har svarat mig, Parner och Ahlz\u00e9n efter det. Han tycker att demokratin i Sverige \u00e4r s\u00e5 d\u00e5lig, s\u00e5 d\u00e5 \u00e4r det r\u00e4tt att sj\u00e4lv upptr\u00e4da diktatoriskt. En s\u00e5dan dumhet \u00e4r det sv\u00e5rt att l\u00e5ta bli att kommentera.<\/p>\n<p>Min replik till Odhner publiceras i VF snart. D\u00e4r f\u00f6rs\u00f6ker jag l\u00e4ra honom folkvett.<br \/>\nDet \u00e4r ovisst om jag kommer att lyckas.<\/p>\n","protected":false},"excerpt":{"rendered":"<p>Det utbr\u00f6t en debatt i mitt husorgan V\u00e4rmlands Folkblad. Gjorde vissa antirasister r\u00e4tt n\u00e4r Jimmie \u00c5kesson talade p\u00e5 Stora torget i Karlstad? Ska man f\u00f6rs\u00f6ka \u00f6verr\u00f6sta sina politiska motst\u00e5ndare? Vad jag tycker i den demokratifr\u00e5gan kan du kanske ana. Klicka p\u00e5 l\u00e4nken Politik h\u00e4r ovanf\u00f6r, s\u00e5 ser du hoppas jag. H\u00e4r \u00e4r mitt inl\u00e4gg i &hellip; <a href=\"https:\/\/sven-ove.nu\/?p=9109\" class=\"more-link\">Forts\u00e4tt l\u00e4sa <span class=\"screen-reader-text\">R\u00e4ck mig handen din<\/span><\/a><\/p>\n","protected":false},"author":1,"featured_media":0,"comment_status":"open","ping_status":"open","sticky":false,"template":"","format":"standard","meta":{"_crdt_document":"","_monsterinsights_skip_tracking":false,"_monsterinsights_sitenote_active":false,"_monsterinsights_sitenote_note":"","_monsterinsights_sitenote_category":0,"footnotes":""},"categories":[9],"tags":[16,18],"class_list":["post-9109","post","type-post","status-publish","format-standard","hentry","category-politik","tag-dumheter","tag-lardomar"],"_links":{"self":[{"href":"https:\/\/sven-ove.nu\/index.php?rest_route=\/wp\/v2\/posts\/9109","targetHints":{"allow":["GET"]}}],"collection":[{"href":"https:\/\/sven-ove.nu\/index.php?rest_route=\/wp\/v2\/posts"}],"about":[{"href":"https:\/\/sven-ove.nu\/index.php?rest_route=\/wp\/v2\/types\/post"}],"author":[{"embeddable":true,"href":"https:\/\/sven-ove.nu\/index.php?rest_route=\/wp\/v2\/users\/1"}],"replies":[{"embeddable":true,"href":"https:\/\/sven-ove.nu\/index.php?rest_route=%2Fwp%2Fv2%2Fcomments&post=9109"}],"version-history":[{"count":6,"href":"https:\/\/sven-ove.nu\/index.php?rest_route=\/wp\/v2\/posts\/9109\/revisions"}],"predecessor-version":[{"id":9122,"href":"https:\/\/sven-ove.nu\/index.php?rest_route=\/wp\/v2\/posts\/9109\/revisions\/9122"}],"wp:attachment":[{"href":"https:\/\/sven-ove.nu\/index.php?rest_route=%2Fwp%2Fv2%2Fmedia&parent=9109"}],"wp:term":[{"taxonomy":"category","embeddable":true,"href":"https:\/\/sven-ove.nu\/index.php?rest_route=%2Fwp%2Fv2%2Fcategories&post=9109"},{"taxonomy":"post_tag","embeddable":true,"href":"https:\/\/sven-ove.nu\/index.php?rest_route=%2Fwp%2Fv2%2Ftags&post=9109"}],"curies":[{"name":"wp","href":"https:\/\/api.w.org\/{rel}","templated":true}]}}