{"id":9123,"date":"2014-07-01T03:00:34","date_gmt":"2014-07-01T02:00:34","guid":{"rendered":"http:\/\/sven-ove.nu\/?p=9123"},"modified":"2014-07-01T07:19:25","modified_gmt":"2014-07-01T06:19:25","slug":"viktigt-beslut-2","status":"publish","type":"post","link":"https:\/\/sven-ove.nu\/?p=9123","title":{"rendered":"Viktigt beslut"},"content":{"rendered":"<p><a href=\"https:\/\/sven-ove.nu\/wp-content\/uploads\/2014\/07\/Broddar-i-juni.jpg\"><img loading=\"lazy\" decoding=\"async\" class=\"alignleft size-large wp-image-9125\" alt=\"Broddar i juni\" src=\"https:\/\/sven-ove.nu\/wp-content\/uploads\/2014\/07\/Broddar-i-juni-1024x768.jpg\" width=\"640\" height=\"480\" srcset=\"https:\/\/sven-ove.nu\/wp-content\/uploads\/2014\/07\/Broddar-i-juni-1024x768.jpg 1024w, https:\/\/sven-ove.nu\/wp-content\/uploads\/2014\/07\/Broddar-i-juni-300x225.jpg 300w, https:\/\/sven-ove.nu\/wp-content\/uploads\/2014\/07\/Broddar-i-juni.jpg 1632w\" sizes=\"auto, (max-width: 640px) 100vw, 640px\" \/><\/a><\/p>\n<p>Funderar allvarligt p\u00e5 att l\u00e4gga undan broddarna f\u00f6r s\u00e4songen.<br \/>\nDet \u00e4r nog riskfritt nu.<\/p>\n<p>Jag hoppas s\u00e5 att det \u00e4r r\u00e4tt beslut.<\/p>\n<p style=\"padding-left: 30px;\">*<\/p>\n<p style=\"padding-left: 30px;\"><em>&#8230; och i dag kom det i V\u00e4rmlands Folkblad:<\/em><br \/>\n<em><a href=\"http:\/\/www.vf.se\/asikter\/debatt\/odhner-har-inte-min-syn-pa-demokratin\" target=\"_blank\">Mitt svar till Gunnar Odhner<\/a><\/em><\/p>\n","protected":false},"excerpt":{"rendered":"<p>Funderar allvarligt p\u00e5 att l\u00e4gga undan broddarna f\u00f6r s\u00e4songen. Det \u00e4r nog riskfritt nu. Jag hoppas s\u00e5 att det \u00e4r r\u00e4tt beslut. * &#8230; och i dag kom det i V\u00e4rmlands Folkblad: Mitt svar till Gunnar Odhner<\/p>\n","protected":false},"author":1,"featured_media":0,"comment_status":"open","ping_status":"open","sticky":false,"template":"","format":"standard","meta":{"_crdt_document":"","_monsterinsights_skip_tracking":false,"_monsterinsights_sitenote_active":false,"_monsterinsights_sitenote_note":"","_monsterinsights_sitenote_category":0,"footnotes":""},"categories":[10,6],"tags":[18,13],"class_list":["post-9123","post","type-post","status-publish","format-standard","hentry","category-familjen","category-natur","tag-lardomar","tag-utrustning"],"_links":{"self":[{"href":"https:\/\/sven-ove.nu\/index.php?rest_route=\/wp\/v2\/posts\/9123","targetHints":{"allow":["GET"]}}],"collection":[{"href":"https:\/\/sven-ove.nu\/index.php?rest_route=\/wp\/v2\/posts"}],"about":[{"href":"https:\/\/sven-ove.nu\/index.php?rest_route=\/wp\/v2\/types\/post"}],"author":[{"embeddable":true,"href":"https:\/\/sven-ove.nu\/index.php?rest_route=\/wp\/v2\/users\/1"}],"replies":[{"embeddable":true,"href":"https:\/\/sven-ove.nu\/index.php?rest_route=%2Fwp%2Fv2%2Fcomments&post=9123"}],"version-history":[{"count":6,"href":"https:\/\/sven-ove.nu\/index.php?rest_route=\/wp\/v2\/posts\/9123\/revisions"}],"predecessor-version":[{"id":9130,"href":"https:\/\/sven-ove.nu\/index.php?rest_route=\/wp\/v2\/posts\/9123\/revisions\/9130"}],"wp:attachment":[{"href":"https:\/\/sven-ove.nu\/index.php?rest_route=%2Fwp%2Fv2%2Fmedia&parent=9123"}],"wp:term":[{"taxonomy":"category","embeddable":true,"href":"https:\/\/sven-ove.nu\/index.php?rest_route=%2Fwp%2Fv2%2Fcategories&post=9123"},{"taxonomy":"post_tag","embeddable":true,"href":"https:\/\/sven-ove.nu\/index.php?rest_route=%2Fwp%2Fv2%2Ftags&post=9123"}],"curies":[{"name":"wp","href":"https:\/\/api.w.org\/{rel}","templated":true}]}}