{"id":9145,"date":"2014-07-04T03:00:14","date_gmt":"2014-07-04T02:00:14","guid":{"rendered":"http:\/\/sven-ove.nu\/?p=9145"},"modified":"2014-07-04T04:42:01","modified_gmt":"2014-07-04T03:42:01","slug":"skottet-i-rottneros","status":"publish","type":"post","link":"https:\/\/sven-ove.nu\/?p=9145","title":{"rendered":"Skottet i Rottneros"},"content":{"rendered":"<p><a href=\"https:\/\/sven-ove.nu\/wp-content\/uploads\/2014\/07\/Rosor.jpg\"><img loading=\"lazy\" decoding=\"async\" class=\"size-medium wp-image-9149 alignright\" alt=\"Rosor\" src=\"https:\/\/sven-ove.nu\/wp-content\/uploads\/2014\/07\/Rosor-200x300.jpg\" width=\"200\" height=\"300\" srcset=\"https:\/\/sven-ove.nu\/wp-content\/uploads\/2014\/07\/Rosor-200x300.jpg 200w, https:\/\/sven-ove.nu\/wp-content\/uploads\/2014\/07\/Rosor-682x1024.jpg 682w, https:\/\/sven-ove.nu\/wp-content\/uploads\/2014\/07\/Rosor.jpg 1080w\" sizes=\"auto, (max-width: 200px) 100vw, 200px\" \/><\/a><\/p>\n<p><em>(Fryksdalen, 1980-tal).<br \/>\n<\/em>Det \u00e4r en mycket tjusig sal. Sj\u00e4lv \u00e4r jag s\u00e4llan tjusig och definitivt inte den h\u00e4r eftermiddagen, efter att ha tillbringat f\u00f6rmiddagen p\u00e5 en skogsdag i \u00d6stmark, l\u00e5ngt norrut i bevakningsomr\u00e5det.<\/p>\n<p>Jag \u00e4r lokalredakt\u00f6r p\u00e5 V\u00e4rmlands Folkblad i Sunne sedan n\u00e5gra \u00e5r och nu har det tagit alldeles f\u00f6r l\u00e5ng tid i skogen. \u00d6stmarks skogar kan bli duktigt leriga n\u00e4r det regnar. Jag hinner inte byta om. Den trevliga grevinnan Horn af \u00c5minne har bjudit in tidningen till Rosens dag i Rottneros parks fina spegelsal. Tr\u00e4dg\u00e5rdsexperten Lars-Eric Samuelsson ska tala och salen kommer att vara fylld av vackra m\u00e4nniskor i b\u00e4sta g\u00e5bortkl\u00e4derna, det vet jag redan innan.<\/p>\n<p>Nyss var jag glad att jag inte hade gjort samma misstag som i fjol och tagit l\u00e5gskor till skogsdagen. De var d\u00e5 det. Nu har timmarna g\u00e5tt och jag inser att om situationen ska r\u00e4ddas, s\u00e5 m\u00e5ste jag klampa in bland speglarna, rosorna och g\u00e5bortkostymerna if\u00f6rd bl\u00f6ta st\u00f6vlar. N\u00f6dtorftigt avtorkade, men dock st\u00f6vlar.<\/p>\n<p><b>Tar bet\u00e4ckning<br \/>\n<\/b>F\u00f6redraget har redan b\u00f6rjat n\u00e4r jag kliver \u00f6ver tr\u00f6skeln. I det samma sm\u00e4ller ett pistolskott. Samuelsson tystnar mitt i meningen, en gammal milit\u00e4r tar bet\u00e4ckning och varenda m\u00e4nniska v\u00e4nder sig f\u00f6rskr\u00e4ckt mot inkr\u00e4ktaren. Mig.<\/p>\n<p>Jag tycker inte om n\u00e4r 200 b\u00e4tterkl\u00e4dda m\u00e4nniskor tittar p\u00e5 mig, s\u00e4rskilt inte om jag \u00e4r sj\u00f6bl\u00f6t och ska f\u00f6rs\u00f6ka glida in diskret. Grevinnan k\u00e4nner igen mig bakom leran och kommer rusande.<\/p>\n<p>&#8211; Du ser blek ut, vad \u00e4r det som har h\u00e4nt?<br \/>\nJag visar henne handen, den \u00e4r svart och v\u00e4rker, d\u00e5 ropar hon:<br \/>\n&#8211; Finns det n\u00e5gon l\u00e4kare i salen?<\/p>\n<p><b>Skriker h\u00f6gt<br \/>\n<\/b>Egentligen skulle jag inte ber\u00e4tta mer h\u00e4r nu, s\u00e5 fick ni moderna tiders barn fundera \u00f6ver varf\u00f6r det l\u00e4t som ett pistolskott n\u00e4r jag klev in till det vackra folket. Ni har ju mobilkameror allihop och kan aldrig i livet \u00e5stadkomma en s\u00e5dan sm\u00e4ll som den jag skapade.<\/p>\n<p><a href=\"https:\/\/sven-ove.nu\/wp-content\/uploads\/2014\/07\/Rosor.jpg\"><img loading=\"lazy\" decoding=\"async\" class=\"alignleft size-thumbnail wp-image-9149\" alt=\"Rosor\" src=\"https:\/\/sven-ove.nu\/wp-content\/uploads\/2014\/07\/Rosor-150x150.jpg\" width=\"150\" height=\"150\" \/><\/a>1980-talets lokalredakt\u00f6rer hade kameror med film i, inget konstigt med det. Viktigare var att vi dessutom hade stora blixtaggregat med ackumulator i en axelremsv\u00e4ska. Rej\u00e4la don, det f\u00e5r jag l\u00e4ra mig denna dag. Kl\u00e4derna \u00e4r bl\u00f6ta, h\u00e4nderna med, och just p\u00e5 tr\u00f6skeln blir det \u00f6verslag. De som var med p\u00e5st\u00e5r att jag skrek h\u00f6gt n\u00e4r blixten slog ner i min hand.<\/p>\n<p>Skriket minns jag inte. Handen \u00e4r kolsvart mitt i och visst finns det en doktor i salen. Han b\u00e4r slips och kostym och ger mig snart arbetstillst\u00e5nd. Blixten st\u00e4ller grevinnan undan.<\/p>\n<p>Klippet finns kvar. Rosexperten Samuelsson ser m\u00f6rk ut.<\/p>\n","protected":false},"excerpt":{"rendered":"<p>(Fryksdalen, 1980-tal). Det \u00e4r en mycket tjusig sal. Sj\u00e4lv \u00e4r jag s\u00e4llan tjusig och definitivt inte den h\u00e4r eftermiddagen, efter att ha tillbringat f\u00f6rmiddagen p\u00e5 en skogsdag i \u00d6stmark, l\u00e5ngt norrut i bevakningsomr\u00e5det. Jag \u00e4r lokalredakt\u00f6r p\u00e5 V\u00e4rmlands Folkblad i Sunne sedan n\u00e5gra \u00e5r och nu har det tagit alldeles f\u00f6r l\u00e5ng tid i skogen. &hellip; <a href=\"https:\/\/sven-ove.nu\/?p=9145\" class=\"more-link\">Forts\u00e4tt l\u00e4sa <span class=\"screen-reader-text\">Skottet i Rottneros<\/span><\/a><\/p>\n","protected":false},"author":1,"featured_media":0,"comment_status":"open","ping_status":"open","sticky":false,"template":"","format":"standard","meta":{"_crdt_document":"","_monsterinsights_skip_tracking":false,"_monsterinsights_sitenote_active":false,"_monsterinsights_sitenote_note":"","_monsterinsights_sitenote_category":0,"footnotes":""},"categories":[4],"tags":[3,16,18,15,13],"class_list":["post-9145","post","type-post","status-publish","format-standard","hentry","category-skrivande","tag-arbete","tag-dumheter","tag-lardomar","tag-mediedjungeln","tag-utrustning"],"_links":{"self":[{"href":"https:\/\/sven-ove.nu\/index.php?rest_route=\/wp\/v2\/posts\/9145","targetHints":{"allow":["GET"]}}],"collection":[{"href":"https:\/\/sven-ove.nu\/index.php?rest_route=\/wp\/v2\/posts"}],"about":[{"href":"https:\/\/sven-ove.nu\/index.php?rest_route=\/wp\/v2\/types\/post"}],"author":[{"embeddable":true,"href":"https:\/\/sven-ove.nu\/index.php?rest_route=\/wp\/v2\/users\/1"}],"replies":[{"embeddable":true,"href":"https:\/\/sven-ove.nu\/index.php?rest_route=%2Fwp%2Fv2%2Fcomments&post=9145"}],"version-history":[{"count":5,"href":"https:\/\/sven-ove.nu\/index.php?rest_route=\/wp\/v2\/posts\/9145\/revisions"}],"predecessor-version":[{"id":9156,"href":"https:\/\/sven-ove.nu\/index.php?rest_route=\/wp\/v2\/posts\/9145\/revisions\/9156"}],"wp:attachment":[{"href":"https:\/\/sven-ove.nu\/index.php?rest_route=%2Fwp%2Fv2%2Fmedia&parent=9145"}],"wp:term":[{"taxonomy":"category","embeddable":true,"href":"https:\/\/sven-ove.nu\/index.php?rest_route=%2Fwp%2Fv2%2Fcategories&post=9145"},{"taxonomy":"post_tag","embeddable":true,"href":"https:\/\/sven-ove.nu\/index.php?rest_route=%2Fwp%2Fv2%2Ftags&post=9145"}],"curies":[{"name":"wp","href":"https:\/\/api.w.org\/{rel}","templated":true}]}}