{"id":9151,"date":"2014-07-03T16:26:47","date_gmt":"2014-07-03T15:26:47","guid":{"rendered":"http:\/\/sven-ove.nu\/?p=9151"},"modified":"2014-07-03T16:27:24","modified_gmt":"2014-07-03T15:27:24","slug":"asen-i-vanstervinden","status":"publish","type":"post","link":"https:\/\/sven-ove.nu\/?p=9151","title":{"rendered":"Asen i v\u00e4nstervinden"},"content":{"rendered":"<p><a href=\"https:\/\/sven-ove.nu\/wp-content\/uploads\/2014\/07\/Asen.jpg\"><img loading=\"lazy\" decoding=\"async\" class=\"size-medium wp-image-9152 alignright\" alt=\"Asen\" src=\"https:\/\/sven-ove.nu\/wp-content\/uploads\/2014\/07\/Asen-300x185.jpg\" width=\"300\" height=\"185\" srcset=\"https:\/\/sven-ove.nu\/wp-content\/uploads\/2014\/07\/Asen-300x185.jpg 300w, https:\/\/sven-ove.nu\/wp-content\/uploads\/2014\/07\/Asen.jpg 523w\" sizes=\"auto, (max-width: 300px) 100vw, 300px\" \/><\/a>Det kan inte hj\u00e4lpas att jag lider med denne n\u00e5gon. Han eller hon som piggade upp Alliansens webbplats med en alliansvimpel som fladdrade muntert f\u00f6r v\u00e4nstervindarna.<\/p>\n<p>Jo, det bl\u00e5ser fr\u00e5n v\u00e4nster, det syns tydligt p\u00e5 bilden.\u00a0Inte nog med det, n\u00e4r han eller hon fladdrade till vimpeln, s\u00e5 kunde ju inte hela texten visas. Det hade inte blivit r\u00e4tt. D\u00e4rf\u00f6r kom bara de h\u00e4r bokst\u00e4verna att synas om Alliansen:<\/p>\n<p>A S E N<\/p>\n<p>De har \u00e4ndrat p\u00e5 det nu.\u00a0Nu st\u00e5r det bara A.<br \/>\nN\u00e5got SEN tror inte Alliansen p\u00e5.<\/p>\n","protected":false},"excerpt":{"rendered":"<p>Det kan inte hj\u00e4lpas att jag lider med denne n\u00e5gon. Han eller hon som piggade upp Alliansens webbplats med en alliansvimpel som fladdrade muntert f\u00f6r v\u00e4nstervindarna. Jo, det bl\u00e5ser fr\u00e5n v\u00e4nster, det syns tydligt p\u00e5 bilden.\u00a0Inte nog med det, n\u00e4r han eller hon fladdrade till vimpeln, s\u00e5 kunde ju inte hela texten visas. Det hade &hellip; <a href=\"https:\/\/sven-ove.nu\/?p=9151\" class=\"more-link\">Forts\u00e4tt l\u00e4sa <span class=\"screen-reader-text\">Asen i v\u00e4nstervinden<\/span><\/a><\/p>\n","protected":false},"author":1,"featured_media":0,"comment_status":"open","ping_status":"open","sticky":false,"template":"","format":"standard","meta":{"_crdt_document":"","_monsterinsights_skip_tracking":false,"_monsterinsights_sitenote_active":false,"_monsterinsights_sitenote_note":"","_monsterinsights_sitenote_category":0,"footnotes":""},"categories":[9],"tags":[14,15,21],"class_list":["post-9151","post","type-post","status-publish","format-standard","hentry","category-politik","tag-lasning","tag-mediedjungeln","tag-ord"],"_links":{"self":[{"href":"https:\/\/sven-ove.nu\/index.php?rest_route=\/wp\/v2\/posts\/9151","targetHints":{"allow":["GET"]}}],"collection":[{"href":"https:\/\/sven-ove.nu\/index.php?rest_route=\/wp\/v2\/posts"}],"about":[{"href":"https:\/\/sven-ove.nu\/index.php?rest_route=\/wp\/v2\/types\/post"}],"author":[{"embeddable":true,"href":"https:\/\/sven-ove.nu\/index.php?rest_route=\/wp\/v2\/users\/1"}],"replies":[{"embeddable":true,"href":"https:\/\/sven-ove.nu\/index.php?rest_route=%2Fwp%2Fv2%2Fcomments&post=9151"}],"version-history":[{"count":3,"href":"https:\/\/sven-ove.nu\/index.php?rest_route=\/wp\/v2\/posts\/9151\/revisions"}],"predecessor-version":[{"id":9155,"href":"https:\/\/sven-ove.nu\/index.php?rest_route=\/wp\/v2\/posts\/9151\/revisions\/9155"}],"wp:attachment":[{"href":"https:\/\/sven-ove.nu\/index.php?rest_route=%2Fwp%2Fv2%2Fmedia&parent=9151"}],"wp:term":[{"taxonomy":"category","embeddable":true,"href":"https:\/\/sven-ove.nu\/index.php?rest_route=%2Fwp%2Fv2%2Fcategories&post=9151"},{"taxonomy":"post_tag","embeddable":true,"href":"https:\/\/sven-ove.nu\/index.php?rest_route=%2Fwp%2Fv2%2Ftags&post=9151"}],"curies":[{"name":"wp","href":"https:\/\/api.w.org\/{rel}","templated":true}]}}