{"id":9157,"date":"2014-07-05T03:00:31","date_gmt":"2014-07-05T02:00:31","guid":{"rendered":"http:\/\/sven-ove.nu\/?p=9157"},"modified":"2014-07-04T15:30:34","modified_gmt":"2014-07-04T14:30:34","slug":"plan-for-hantering-av-vaxt-och-handlingskraft-de-narmaste-veckorna","status":"publish","type":"post","link":"https:\/\/sven-ove.nu\/?p=9157","title":{"rendered":"Plan f\u00f6r hantering av v\u00e4xt- och handlingskraft de n\u00e4rmaste veckorna"},"content":{"rendered":"<p><a href=\"https:\/\/sven-ove.nu\/wp-content\/uploads\/2014\/07\/Klipparen.jpg\"><img loading=\"lazy\" decoding=\"async\" class=\"alignleft size-medium wp-image-9158\" alt=\"Klipparen\" src=\"https:\/\/sven-ove.nu\/wp-content\/uploads\/2014\/07\/Klipparen-225x300.jpg\" width=\"225\" height=\"300\" srcset=\"https:\/\/sven-ove.nu\/wp-content\/uploads\/2014\/07\/Klipparen-225x300.jpg 225w, https:\/\/sven-ove.nu\/wp-content\/uploads\/2014\/07\/Klipparen-768x1024.jpg 768w, https:\/\/sven-ove.nu\/wp-content\/uploads\/2014\/07\/Klipparen.jpg 1224w\" sizes=\"auto, (max-width: 225px) 100vw, 225px\" \/><\/a>Kan ju inte s\u00e4ga att jag pl\u00e5gat mig genom de senaste dagarna. Jag har ett roligt jobb. Fast nu \u00e4r det semester. Den f\u00f6rsta veckan ska jag ta ut gr\u00e4sklipparen. Veckan d\u00e4rp\u00e5 tanka den. Tredje veckan starta den. Resten ger sig nog sj\u00e4lv, skulle jag tro.<\/p>\n<p>Om grannarna innan dess skulle f\u00e5 f\u00f6r sig att jag \u201dgl\u00f6mde\u201d en snygg oval p\u00e5 framsidan, sist jag klippte, s\u00e5 kommer jag envist att h\u00e4vda att det \u00e4r en fr\u00f6odling av kl\u00f6ver. Kl\u00f6ver \u00e4r nyttigt, fr\u00e5ga vilken humla som helst.<\/p>\n<p>Tjo!<\/p>\n","protected":false},"excerpt":{"rendered":"<p>Kan ju inte s\u00e4ga att jag pl\u00e5gat mig genom de senaste dagarna. Jag har ett roligt jobb. Fast nu \u00e4r det semester. Den f\u00f6rsta veckan ska jag ta ut gr\u00e4sklipparen. Veckan d\u00e4rp\u00e5 tanka den. Tredje veckan starta den. Resten ger sig nog sj\u00e4lv, skulle jag tro. Om grannarna innan dess skulle f\u00e5 f\u00f6r sig att &hellip; <a href=\"https:\/\/sven-ove.nu\/?p=9157\" class=\"more-link\">Forts\u00e4tt l\u00e4sa <span class=\"screen-reader-text\">Plan f\u00f6r hantering av v\u00e4xt- och handlingskraft de n\u00e4rmaste veckorna<\/span><\/a><\/p>\n","protected":false},"author":1,"featured_media":0,"comment_status":"open","ping_status":"open","sticky":false,"template":"","format":"standard","meta":{"_crdt_document":"","_monsterinsights_skip_tracking":false,"_monsterinsights_sitenote_active":false,"_monsterinsights_sitenote_note":"","_monsterinsights_sitenote_category":0,"footnotes":""},"categories":[10,6],"tags":[3,13],"class_list":["post-9157","post","type-post","status-publish","format-standard","hentry","category-familjen","category-natur","tag-arbete","tag-utrustning"],"_links":{"self":[{"href":"https:\/\/sven-ove.nu\/index.php?rest_route=\/wp\/v2\/posts\/9157","targetHints":{"allow":["GET"]}}],"collection":[{"href":"https:\/\/sven-ove.nu\/index.php?rest_route=\/wp\/v2\/posts"}],"about":[{"href":"https:\/\/sven-ove.nu\/index.php?rest_route=\/wp\/v2\/types\/post"}],"author":[{"embeddable":true,"href":"https:\/\/sven-ove.nu\/index.php?rest_route=\/wp\/v2\/users\/1"}],"replies":[{"embeddable":true,"href":"https:\/\/sven-ove.nu\/index.php?rest_route=%2Fwp%2Fv2%2Fcomments&post=9157"}],"version-history":[{"count":2,"href":"https:\/\/sven-ove.nu\/index.php?rest_route=\/wp\/v2\/posts\/9157\/revisions"}],"predecessor-version":[{"id":9161,"href":"https:\/\/sven-ove.nu\/index.php?rest_route=\/wp\/v2\/posts\/9157\/revisions\/9161"}],"wp:attachment":[{"href":"https:\/\/sven-ove.nu\/index.php?rest_route=%2Fwp%2Fv2%2Fmedia&parent=9157"}],"wp:term":[{"taxonomy":"category","embeddable":true,"href":"https:\/\/sven-ove.nu\/index.php?rest_route=%2Fwp%2Fv2%2Fcategories&post=9157"},{"taxonomy":"post_tag","embeddable":true,"href":"https:\/\/sven-ove.nu\/index.php?rest_route=%2Fwp%2Fv2%2Ftags&post=9157"}],"curies":[{"name":"wp","href":"https:\/\/api.w.org\/{rel}","templated":true}]}}