{"id":9162,"date":"2014-07-09T03:00:24","date_gmt":"2014-07-09T02:00:24","guid":{"rendered":"http:\/\/sven-ove.nu\/?p=9162"},"modified":"2014-07-07T18:45:32","modified_gmt":"2014-07-07T17:45:32","slug":"almedalingarna-hemma","status":"publish","type":"post","link":"https:\/\/sven-ove.nu\/?p=9162","title":{"rendered":"Almedalingarna hemma"},"content":{"rendered":"<p>Mina v\u00e4nner almedalingarna har kommit hem. En del slickar s\u00e5ren, en del \u00e4ter kolhydrater och tar nya tag, ser jag p\u00e5 det v\u00e4rldsomsp\u00e4nnande n\u00e4tet. Kom ih\u00e5g, go\u2019v\u00e4nner, det finns bara tv\u00e5 s\u00e4tt att bli av med tr\u00e4ningsv\u00e4rk. Forts\u00e4tta tr\u00e4na eller aldrig mer tr\u00e4na.<\/p>\n<p>\u00c4t och vila nu, men vila inte f\u00f6r l\u00e4ngre, en del av er. Sverige beh\u00f6ver bli ett land d\u00e4r vi inser att politik \u00e4r n\u00e5got som intr\u00e4ffar varje dag och varje vecka. Svenska folkets framtid \u00e4r inte ett massmediejippo vecka 27.<\/p>\n<p>Den 14 september \u00e4r det inte vackrast rollup som vinner.<br \/>\nSj\u00e4lv ska jag f\u00f6rs\u00f6ka v\u00e4lja varmast hj\u00e4rta och coolast hj\u00e4rna. Det \u00e4r uppriktigt sagt ganska l\u00e4tt.<\/p>\n<p style=\"padding-left: 30px;\"><a href=\"https:\/\/sven-ove.nu\/wp-content\/uploads\/2014\/07\/Rollup.jpg\"><img loading=\"lazy\" decoding=\"async\" class=\"alignleft size-large wp-image-9164\" alt=\"Rollup\" src=\"https:\/\/sven-ove.nu\/wp-content\/uploads\/2014\/07\/Rollup-1024x182.jpg\" width=\"640\" height=\"113\" srcset=\"https:\/\/sven-ove.nu\/wp-content\/uploads\/2014\/07\/Rollup-1024x182.jpg 1024w, https:\/\/sven-ove.nu\/wp-content\/uploads\/2014\/07\/Rollup-300x53.jpg 300w, https:\/\/sven-ove.nu\/wp-content\/uploads\/2014\/07\/Rollup.jpg 1190w\" sizes=\"auto, (max-width: 640px) 100vw, 640px\" \/><\/a><\/p>\n<p style=\"padding-left: 30px;\"><i>Rollup: upprullningsbar reklamsk\u00e4rm.<\/i><\/p>\n","protected":false},"excerpt":{"rendered":"<p>Mina v\u00e4nner almedalingarna har kommit hem. En del slickar s\u00e5ren, en del \u00e4ter kolhydrater och tar nya tag, ser jag p\u00e5 det v\u00e4rldsomsp\u00e4nnande n\u00e4tet. Kom ih\u00e5g, go\u2019v\u00e4nner, det finns bara tv\u00e5 s\u00e4tt att bli av med tr\u00e4ningsv\u00e4rk. Forts\u00e4tta tr\u00e4na eller aldrig mer tr\u00e4na. \u00c4t och vila nu, men vila inte f\u00f6r l\u00e4ngre, en del av &hellip; <a href=\"https:\/\/sven-ove.nu\/?p=9162\" class=\"more-link\">Forts\u00e4tt l\u00e4sa <span class=\"screen-reader-text\">Almedalingarna hemma<\/span><\/a><\/p>\n","protected":false},"author":1,"featured_media":0,"comment_status":"open","ping_status":"open","sticky":false,"template":"","format":"standard","meta":{"_crdt_document":"","_monsterinsights_skip_tracking":false,"_monsterinsights_sitenote_active":false,"_monsterinsights_sitenote_note":"","_monsterinsights_sitenote_category":0,"footnotes":""},"categories":[9],"tags":[24,15,17],"class_list":["post-9162","post","type-post","status-publish","format-standard","hentry","category-politik","tag-karlek","tag-mediedjungeln","tag-solidaritet"],"_links":{"self":[{"href":"https:\/\/sven-ove.nu\/index.php?rest_route=\/wp\/v2\/posts\/9162","targetHints":{"allow":["GET"]}}],"collection":[{"href":"https:\/\/sven-ove.nu\/index.php?rest_route=\/wp\/v2\/posts"}],"about":[{"href":"https:\/\/sven-ove.nu\/index.php?rest_route=\/wp\/v2\/types\/post"}],"author":[{"embeddable":true,"href":"https:\/\/sven-ove.nu\/index.php?rest_route=\/wp\/v2\/users\/1"}],"replies":[{"embeddable":true,"href":"https:\/\/sven-ove.nu\/index.php?rest_route=%2Fwp%2Fv2%2Fcomments&post=9162"}],"version-history":[{"count":4,"href":"https:\/\/sven-ove.nu\/index.php?rest_route=\/wp\/v2\/posts\/9162\/revisions"}],"predecessor-version":[{"id":9191,"href":"https:\/\/sven-ove.nu\/index.php?rest_route=\/wp\/v2\/posts\/9162\/revisions\/9191"}],"wp:attachment":[{"href":"https:\/\/sven-ove.nu\/index.php?rest_route=%2Fwp%2Fv2%2Fmedia&parent=9162"}],"wp:term":[{"taxonomy":"category","embeddable":true,"href":"https:\/\/sven-ove.nu\/index.php?rest_route=%2Fwp%2Fv2%2Fcategories&post=9162"},{"taxonomy":"post_tag","embeddable":true,"href":"https:\/\/sven-ove.nu\/index.php?rest_route=%2Fwp%2Fv2%2Ftags&post=9162"}],"curies":[{"name":"wp","href":"https:\/\/api.w.org\/{rel}","templated":true}]}}