{"id":9220,"date":"2014-08-04T03:00:43","date_gmt":"2014-08-04T02:00:43","guid":{"rendered":"http:\/\/sven-ove.nu\/?p=9220"},"modified":"2014-08-04T06:36:42","modified_gmt":"2014-08-04T05:36:42","slug":"revolution-pa-varmlandska","status":"publish","type":"post","link":"https:\/\/sven-ove.nu\/?p=9220","title":{"rendered":"Stolen i Karlstad"},"content":{"rendered":"<p><a href=\"https:\/\/sven-ove.nu\/wp-content\/uploads\/2014\/08\/Kontorslandskap.jpg\"><img loading=\"lazy\" decoding=\"async\" class=\"alignleft size-large wp-image-9222\" alt=\"Kontorslandskap\" src=\"https:\/\/sven-ove.nu\/wp-content\/uploads\/2014\/08\/Kontorslandskap-1024x739.jpg\" width=\"640\" height=\"461\" srcset=\"https:\/\/sven-ove.nu\/wp-content\/uploads\/2014\/08\/Kontorslandskap-1024x739.jpg 1024w, https:\/\/sven-ove.nu\/wp-content\/uploads\/2014\/08\/Kontorslandskap-300x216.jpg 300w, https:\/\/sven-ove.nu\/wp-content\/uploads\/2014\/08\/Kontorslandskap.jpg 1632w\" sizes=\"auto, (max-width: 640px) 100vw, 640px\" \/><\/a><\/p>\n<p>En dag bara st\u00e5r den d\u00e4r. Vi \u00e4r till sta\u2019n och d\u00e4r har en m\u00e4nniska pl\u00f6tsligt ledsnat. <em>\u201dUh va\u2019 tr\u00f6tt ja blir, ja\u2019 vill inte\u2026\u201d<\/em> sa hon. Jag tror hon sa det. Kanske var det n\u00e5got som chefen hade best\u00e4mt, kanske en kund som klagade eller s\u00e5 var det bara f\u00f6rsta dagen efter semestern. Den d\u00e4r sortens m\u00e5ndagsmorgon n\u00e4r du m\u00e5ste men inte vill.<\/p>\n<p>Jag tror p\u00e5 det sista alternativet.<\/p>\n<p><b>Kontorslandskap<\/b> kallar jag bilden. Det \u00e4r en stol, en riktig skrivbordsstol. Den st\u00e5r l\u00e5ngt ute i vattnet, d\u00e4r Klar\u00e4lven precis har sv\u00e4ngt v\u00e4nster vid Sandgrundsudden. Solen i Karlstad glittrar, det \u00e4r 28 grader varmt i skuggan, just d\u00e4r har det aldrig st\u00e5tt en stol f\u00f6rut. N\u00e5gonstans, i ett rum, fattas den stolen.<\/p>\n<p>I dag \u00e4r det f\u00f6rsta dagen efter min semester.<\/p>\n","protected":false},"excerpt":{"rendered":"<p>En dag bara st\u00e5r den d\u00e4r. Vi \u00e4r till sta\u2019n och d\u00e4r har en m\u00e4nniska pl\u00f6tsligt ledsnat. \u201dUh va\u2019 tr\u00f6tt ja blir, ja\u2019 vill inte\u2026\u201d sa hon. Jag tror hon sa det. Kanske var det n\u00e5got som chefen hade best\u00e4mt, kanske en kund som klagade eller s\u00e5 var det bara f\u00f6rsta dagen efter semestern. Den &hellip; <a href=\"https:\/\/sven-ove.nu\/?p=9220\" class=\"more-link\">Forts\u00e4tt l\u00e4sa <span class=\"screen-reader-text\">Stolen i Karlstad<\/span><\/a><\/p>\n","protected":false},"author":1,"featured_media":0,"comment_status":"open","ping_status":"open","sticky":false,"template":"","format":"standard","meta":{"_crdt_document":"","_monsterinsights_skip_tracking":false,"_monsterinsights_sitenote_active":false,"_monsterinsights_sitenote_note":"","_monsterinsights_sitenote_category":0,"footnotes":""},"categories":[10,6],"tags":[3,13],"class_list":["post-9220","post","type-post","status-publish","format-standard","hentry","category-familjen","category-natur","tag-arbete","tag-utrustning"],"_links":{"self":[{"href":"https:\/\/sven-ove.nu\/index.php?rest_route=\/wp\/v2\/posts\/9220","targetHints":{"allow":["GET"]}}],"collection":[{"href":"https:\/\/sven-ove.nu\/index.php?rest_route=\/wp\/v2\/posts"}],"about":[{"href":"https:\/\/sven-ove.nu\/index.php?rest_route=\/wp\/v2\/types\/post"}],"author":[{"embeddable":true,"href":"https:\/\/sven-ove.nu\/index.php?rest_route=\/wp\/v2\/users\/1"}],"replies":[{"embeddable":true,"href":"https:\/\/sven-ove.nu\/index.php?rest_route=%2Fwp%2Fv2%2Fcomments&post=9220"}],"version-history":[{"count":4,"href":"https:\/\/sven-ove.nu\/index.php?rest_route=\/wp\/v2\/posts\/9220\/revisions"}],"predecessor-version":[{"id":9261,"href":"https:\/\/sven-ove.nu\/index.php?rest_route=\/wp\/v2\/posts\/9220\/revisions\/9261"}],"wp:attachment":[{"href":"https:\/\/sven-ove.nu\/index.php?rest_route=%2Fwp%2Fv2%2Fmedia&parent=9220"}],"wp:term":[{"taxonomy":"category","embeddable":true,"href":"https:\/\/sven-ove.nu\/index.php?rest_route=%2Fwp%2Fv2%2Fcategories&post=9220"},{"taxonomy":"post_tag","embeddable":true,"href":"https:\/\/sven-ove.nu\/index.php?rest_route=%2Fwp%2Fv2%2Ftags&post=9220"}],"curies":[{"name":"wp","href":"https:\/\/api.w.org\/{rel}","templated":true}]}}