{"id":9234,"date":"2014-08-07T03:00:30","date_gmt":"2014-08-07T02:00:30","guid":{"rendered":"http:\/\/sven-ove.nu\/?p=9234"},"modified":"2014-08-05T19:41:55","modified_gmt":"2014-08-05T18:41:55","slug":"nyss-var-det-vi-som-tiggde","status":"publish","type":"post","link":"https:\/\/sven-ove.nu\/?p=9234","title":{"rendered":"Nyss var det vi som tiggde"},"content":{"rendered":"<p><a href=\"https:\/\/sven-ove.nu\/wp-content\/uploads\/2014\/08\/Luossa.jpg\"><img loading=\"lazy\" decoding=\"async\" class=\"alignleft size-large wp-image-9236\" alt=\"Luossa\" src=\"https:\/\/sven-ove.nu\/wp-content\/uploads\/2014\/08\/Luossa-1024x768.jpg\" width=\"640\" height=\"480\" srcset=\"https:\/\/sven-ove.nu\/wp-content\/uploads\/2014\/08\/Luossa-1024x768.jpg 1024w, https:\/\/sven-ove.nu\/wp-content\/uploads\/2014\/08\/Luossa-300x225.jpg 300w, https:\/\/sven-ove.nu\/wp-content\/uploads\/2014\/08\/Luossa.jpg 1632w\" sizes=\"auto, (max-width: 640px) 100vw, 640px\" \/><\/a><\/p>\n<p>S\u00e4ter \u00e4r en s\u00f6t tr\u00e4stad. G\u00e4stis i Grang\u00e4rde har v\u00e5r resas b\u00e4sta service. Vid <a href=\"http:\/\/www.luossa.se\/luossa.html\">Luossastugan<\/a> ser vi tv\u00e5 bl\u00e5vingar flyga iv\u00e4g medan de parar sig.<\/p>\n<p>Det \u00e4r n\u00e5got bortom bergen.<\/p>\n<p>N\u00e4r vi ska l\u00f6sa intr\u00e4de till stugan, d\u00e4r han bodde som skrev om tiggarn fr\u00e5n Luossa, har vi inga kontanter. De fick tiggarn vid entr\u00e9n till Konsum i S\u00e4ter. Tiden st\u00e5r inte stilla. Hon r\u00f6r sig i spiraler.<\/p>\n<p>Det kunde ha varit vi.\u00a0Nyss var det vi.<\/p>\n<p style=\"padding-left: 30px;\"><strong>I V\u00e4se var det en herrkarl f\u00f6r l\u00e4nge sedan som ville att socknens tiggare skulle b\u00e4ra ett s\u00e4rskilt m\u00e4rke p\u00e5 kl\u00e4derna, s\u00e5 folk skulle k\u00e4nna igen dem. \u00c4ven det k\u00e4nns m\u00e4rkv\u00e4rdigt bekant fr\u00e5n en n\u00e5got senare tid.<\/strong><\/p>\n<p>Dumheten ligger inte p\u00e5 latsidan. Inte or\u00e4ttvisan heller.<\/p>\n","protected":false},"excerpt":{"rendered":"<p>S\u00e4ter \u00e4r en s\u00f6t tr\u00e4stad. G\u00e4stis i Grang\u00e4rde har v\u00e5r resas b\u00e4sta service. Vid Luossastugan ser vi tv\u00e5 bl\u00e5vingar flyga iv\u00e4g medan de parar sig. Det \u00e4r n\u00e5got bortom bergen. N\u00e4r vi ska l\u00f6sa intr\u00e4de till stugan, d\u00e4r han bodde som skrev om tiggarn fr\u00e5n Luossa, har vi inga kontanter. De fick tiggarn vid entr\u00e9n &hellip; <a href=\"https:\/\/sven-ove.nu\/?p=9234\" class=\"more-link\">Forts\u00e4tt l\u00e4sa <span class=\"screen-reader-text\">Nyss var det vi som tiggde<\/span><\/a><\/p>\n","protected":false},"author":1,"featured_media":0,"comment_status":"open","ping_status":"open","sticky":false,"template":"","format":"standard","meta":{"_crdt_document":"","_monsterinsights_skip_tracking":false,"_monsterinsights_sitenote_active":false,"_monsterinsights_sitenote_note":"","_monsterinsights_sitenote_category":0,"footnotes":""},"categories":[10,9],"tags":[8,18,17],"class_list":["post-9234","post","type-post","status-publish","format-standard","hentry","category-familjen","category-politik","tag-historia","tag-lardomar","tag-solidaritet"],"_links":{"self":[{"href":"https:\/\/sven-ove.nu\/index.php?rest_route=\/wp\/v2\/posts\/9234","targetHints":{"allow":["GET"]}}],"collection":[{"href":"https:\/\/sven-ove.nu\/index.php?rest_route=\/wp\/v2\/posts"}],"about":[{"href":"https:\/\/sven-ove.nu\/index.php?rest_route=\/wp\/v2\/types\/post"}],"author":[{"embeddable":true,"href":"https:\/\/sven-ove.nu\/index.php?rest_route=\/wp\/v2\/users\/1"}],"replies":[{"embeddable":true,"href":"https:\/\/sven-ove.nu\/index.php?rest_route=%2Fwp%2Fv2%2Fcomments&post=9234"}],"version-history":[{"count":4,"href":"https:\/\/sven-ove.nu\/index.php?rest_route=\/wp\/v2\/posts\/9234\/revisions"}],"predecessor-version":[{"id":9273,"href":"https:\/\/sven-ove.nu\/index.php?rest_route=\/wp\/v2\/posts\/9234\/revisions\/9273"}],"wp:attachment":[{"href":"https:\/\/sven-ove.nu\/index.php?rest_route=%2Fwp%2Fv2%2Fmedia&parent=9234"}],"wp:term":[{"taxonomy":"category","embeddable":true,"href":"https:\/\/sven-ove.nu\/index.php?rest_route=%2Fwp%2Fv2%2Fcategories&post=9234"},{"taxonomy":"post_tag","embeddable":true,"href":"https:\/\/sven-ove.nu\/index.php?rest_route=%2Fwp%2Fv2%2Ftags&post=9234"}],"curies":[{"name":"wp","href":"https:\/\/api.w.org\/{rel}","templated":true}]}}