{"id":9241,"date":"2014-08-02T03:00:58","date_gmt":"2014-08-02T02:00:58","guid":{"rendered":"http:\/\/sven-ove.nu\/?p=9241"},"modified":"2014-07-31T08:09:41","modified_gmt":"2014-07-31T07:09:41","slug":"alskat-fjallvatten-arga-smaspovar-och-en-gul-mittlinje","status":"publish","type":"post","link":"https:\/\/sven-ove.nu\/?p=9241","title":{"rendered":"\u00c4lskat fj\u00e4llvatten, arga sm\u00e5spovar och en gul mittlinje"},"content":{"rendered":"<p>Semesterresans dramaturgi kr\u00e4ver att vi hamnar i Grang\u00e4rde.<\/p>\n<p><a href=\"https:\/\/sven-ove.nu\/wp-content\/uploads\/2014\/08\/Gammels\u00e4tersfj\u00e4llet.jpg\"><img loading=\"lazy\" decoding=\"async\" class=\"alignleft size-thumbnail wp-image-9245\" alt=\"Gammels\u00e4tersfj\u00e4llet\" src=\"https:\/\/sven-ove.nu\/wp-content\/uploads\/2014\/08\/Gammels\u00e4tersfj\u00e4llet-150x150.jpg\" width=\"150\" height=\"150\" srcset=\"https:\/\/sven-ove.nu\/wp-content\/uploads\/2014\/08\/Gammels\u00e4tersfj\u00e4llet-150x150.jpg 150w, https:\/\/sven-ove.nu\/wp-content\/uploads\/2014\/08\/Gammels\u00e4tersfj\u00e4llet-300x300.jpg 300w, https:\/\/sven-ove.nu\/wp-content\/uploads\/2014\/08\/Gammels\u00e4tersfj\u00e4llet.jpg 384w\" sizes=\"auto, (max-width: 150px) 100vw, 150px\" \/><\/a>Vi kommer fr\u00e5n fj\u00e4llvandringar i <b>S\u00e4len<\/b> med \u00e4lskade v\u00e4nner. D\u00e4r har sju\u00e5ringen l\u00e4rt sig tycka om att dricka rinnande fj\u00e4llb\u00e4cksvatten och fyra\u00e5ringen att g\u00e5 nya stigar och vila p\u00e5 psykologiskt utplacerade b\u00e4nkar l\u00e4ngs leden.<\/p>\n<p>Tv\u00e5 eftermiddagar i S\u00e4lenfj\u00e4llen jagas jag av sm\u00e5spovar som flyger n\u00e4ra och ropar att fj\u00e4llet jag springer p\u00e5 \u00e4r deras. Dem har jag aldrig sett f\u00f6rut, fast f\u00e5gelb\u00f6ckerna ber\u00e4ttar att de g\u00e4rna jagar korp. Mig f\u00e5r de att veva med armarna i luften till sj\u00e4lvf\u00f6rsvar p\u00e5 toppen av Gammels\u00e4tersfj\u00e4llet, 871 meter \u00f6ver havet. Lycklig noterar jag en ny art i mitt klena f\u00e5gelminne och \u00f6nskar att n\u00e5gon hade sett oss nerifr\u00e5n stugan.<\/p>\n<p><b>Gul mittlinje kvar<br \/>\n<a href=\"https:\/\/sven-ove.nu\/wp-content\/uploads\/2014\/08\/Grang\u00e4rde-sj\u00f6.jpg\"><img loading=\"lazy\" decoding=\"async\" class=\"size-medium wp-image-9243 alignright\" alt=\"Grang\u00e4rde sj\u00f6\" src=\"https:\/\/sven-ove.nu\/wp-content\/uploads\/2014\/08\/Grang\u00e4rde-sj\u00f6-113x300.jpg\" width=\"113\" height=\"300\" srcset=\"https:\/\/sven-ove.nu\/wp-content\/uploads\/2014\/08\/Grang\u00e4rde-sj\u00f6-113x300.jpg 113w, https:\/\/sven-ove.nu\/wp-content\/uploads\/2014\/08\/Grang\u00e4rde-sj\u00f6-386x1024.jpg 386w, https:\/\/sven-ove.nu\/wp-content\/uploads\/2014\/08\/Grang\u00e4rde-sj\u00f6.jpg 616w\" sizes=\"auto, (max-width: 113px) 100vw, 113px\" \/><\/a><\/b>N\u00e4sta m\u00e5l \u00e4r <a href=\"http:\/\/kulturbilder.wordpress.com\/2013\/08\/01\/sater-trastaden\/\">s\u00f6ta <b>S\u00e4ter<\/b><\/a> och d\u00e4refter <b>Grang\u00e4rde<\/b>. <a href=\"http:\/\/www.etc.se\/ledare\/den-mangkulturelle-dan-andersson\" target=\"_blank\">Dan Andersson<\/a> tycks n\u00e4stan, men bara n\u00e4stan, vara gl\u00f6md i byn med dess 351 inv\u00e5nare. P\u00e5 kv\u00e4llen pratar jag med de som driver <a href=\"http:\/\/www.grangardegastis.se\">G\u00e4stis<\/a>. <i>\u201dSocial verksamhet\u201d, <\/i>s\u00e4ger mannen glatt om restaurangen, han som s\u00e5lde sitt skogsmaskinf\u00f6retag. <i>\u201dSka du springa, s\u00e5 spring runt sj\u00f6n\u201d,<\/i> s\u00e4ger hon.<\/p>\n<p>Runt en hel sj\u00f6? Ja, runt Bj\u00f6rken vid Grang\u00e4rdes andra strand \u00e4r det drygt en mil. En fin morgonrunda visar det sig. <i>\u201dDu springer \u00f6sterut mot \u00d6stanbj\u00f6rka och f\u00f6ljer banvallen till h\u00f6ger d\u00e4r byn tar slut.\u201d<\/i><\/p>\n<p>Det sista lyder jag inte. I st\u00e4llet tar jag r\u00e5d fr\u00e5n en man i den docksk\u00e5pss\u00f6ta byn bortom sj\u00f6n och v\u00e4ljer stigar och skogsv\u00e4gar s\u00f6der om banvallen. P\u00e5 tillbakav\u00e4gen norrut hittar jag resterna av gamla landsv\u00e4gen genom skogen. Skogstraktorerna har g\u00e5tt h\u00e5rt \u00e5t asfalten men mitt i v\u00e4gbanan skymtar den gula mittlinjen. Ocks\u00e5 det en lycka.<\/p>\n<p>Omk\u00f6rning f\u00f6rbjuden.<\/p>\n<p><b>V\u00e4cker genom vita spetsgardiner<br \/>\n<a href=\"https:\/\/sven-ove.nu\/wp-content\/uploads\/2014\/08\/\u00d6stanbj\u00f6rka.jpg\"><img loading=\"lazy\" decoding=\"async\" class=\"size-medium wp-image-9246 alignright\" alt=\"\u00d6stanbj\u00f6rka\" src=\"https:\/\/sven-ove.nu\/wp-content\/uploads\/2014\/08\/\u00d6stanbj\u00f6rka-188x300.jpg\" width=\"188\" height=\"300\" srcset=\"https:\/\/sven-ove.nu\/wp-content\/uploads\/2014\/08\/\u00d6stanbj\u00f6rka-188x300.jpg 188w, https:\/\/sven-ove.nu\/wp-content\/uploads\/2014\/08\/\u00d6stanbj\u00f6rka-643x1024.jpg 643w, https:\/\/sven-ove.nu\/wp-content\/uploads\/2014\/08\/\u00d6stanbj\u00f6rka.jpg 895w\" sizes=\"auto, (max-width: 188px) 100vw, 188px\" \/><\/a><\/b>Mitt morgonpass blir drygt elva kilometer visar gps-klockan. Mot slutet passerar jag den stora kaplansbostad som de byggde \u00e5t pr\u00e4sten f\u00f6r 300 \u00e5r sedan, f\u00f6r att f\u00e5 honom att stanna fast l\u00f6nen var klen. Kaplansbron \u00e4r sinnrik i sin stenkonstruktion, p\u00e5st\u00e5r skylten, och d\u00e5 m\u00e5ste jag f\u00f6rst\u00e5s kl\u00e4ttra \u00f6ver bror\u00e4cket och ner till vattnet f\u00f6r att unders\u00f6ka. Sinnrik? Absolut. S\u00e5 d\u00e4r har vi barn byggt med klossar i alla tider. Vi \u00e4r sinnrika.<\/p>\n<p>Kvart i nio p\u00e5 morgonen \u00e4r jag tillbaka vid g\u00e4stgivareg\u00e5rden med den trevliga servicen. N\u00e5gra timmar tidigare b\u00f6rjade dagen med att solen v\u00e4ckte oss genom vita spetsgardiner och sedan \u00e5t vi frukost p\u00e5 verandan, medan Bysj\u00f6n bl\u00e4nkte v\u00e4sterut. H\u00e4r finns en sj\u00f6 \u00e5t alla h\u00e5ll, det var en g\u00e5ng sj\u00f6farten som fick Grang\u00e4rde att v\u00e4xa.<\/p>\n<p><b>Det b\u00e4sta med att resa<br \/>\n<\/b>Kv\u00e4llen d\u00e4rp\u00e5 kommer vi hem efter v\u00e5r vecka i berg och dal. P\u00e5 Grossbolstorps h\u00f6jder \u00e4r hallonen mogna, v\u00e4ldigt mogna. Klockan 21.15 plockar vi tre liter i mild panik.<\/p>\n<p>N\u00e4r vi vaknar \u00e4ter vi hallonfrukost p\u00e5 egen veranda. Det \u00e4r det b\u00e4sta med att resa. Frukosten hemma, morgonen efter\u00e5t.<\/p>\n<p>Trivs.<b>\u00a0<\/b><\/p>\n","protected":false},"excerpt":{"rendered":"<p>Semesterresans dramaturgi kr\u00e4ver att vi hamnar i Grang\u00e4rde. Vi kommer fr\u00e5n fj\u00e4llvandringar i S\u00e4len med \u00e4lskade v\u00e4nner. D\u00e4r har sju\u00e5ringen l\u00e4rt sig tycka om att dricka rinnande fj\u00e4llb\u00e4cksvatten och fyra\u00e5ringen att g\u00e5 nya stigar och vila p\u00e5 psykologiskt utplacerade b\u00e4nkar l\u00e4ngs leden. Tv\u00e5 eftermiddagar i S\u00e4lenfj\u00e4llen jagas jag av sm\u00e5spovar som flyger n\u00e4ra och ropar &hellip; <a href=\"https:\/\/sven-ove.nu\/?p=9241\" class=\"more-link\">Forts\u00e4tt l\u00e4sa <span class=\"screen-reader-text\">\u00c4lskat fj\u00e4llvatten, arga sm\u00e5spovar och en gul mittlinje<\/span><\/a><\/p>\n","protected":false},"author":1,"featured_media":0,"comment_status":"open","ping_status":"open","sticky":false,"template":"","format":"standard","meta":{"_crdt_document":"","_monsterinsights_skip_tracking":false,"_monsterinsights_sitenote_active":false,"_monsterinsights_sitenote_note":"","_monsterinsights_sitenote_category":0,"footnotes":""},"categories":[10,5,6],"tags":[24,25],"class_list":["post-9241","post","type-post","status-publish","format-standard","hentry","category-familjen","category-lopning","category-natur","tag-karlek","tag-kartan"],"_links":{"self":[{"href":"https:\/\/sven-ove.nu\/index.php?rest_route=\/wp\/v2\/posts\/9241","targetHints":{"allow":["GET"]}}],"collection":[{"href":"https:\/\/sven-ove.nu\/index.php?rest_route=\/wp\/v2\/posts"}],"about":[{"href":"https:\/\/sven-ove.nu\/index.php?rest_route=\/wp\/v2\/types\/post"}],"author":[{"embeddable":true,"href":"https:\/\/sven-ove.nu\/index.php?rest_route=\/wp\/v2\/users\/1"}],"replies":[{"embeddable":true,"href":"https:\/\/sven-ove.nu\/index.php?rest_route=%2Fwp%2Fv2%2Fcomments&post=9241"}],"version-history":[{"count":11,"href":"https:\/\/sven-ove.nu\/index.php?rest_route=\/wp\/v2\/posts\/9241\/revisions"}],"predecessor-version":[{"id":9260,"href":"https:\/\/sven-ove.nu\/index.php?rest_route=\/wp\/v2\/posts\/9241\/revisions\/9260"}],"wp:attachment":[{"href":"https:\/\/sven-ove.nu\/index.php?rest_route=%2Fwp%2Fv2%2Fmedia&parent=9241"}],"wp:term":[{"taxonomy":"category","embeddable":true,"href":"https:\/\/sven-ove.nu\/index.php?rest_route=%2Fwp%2Fv2%2Fcategories&post=9241"},{"taxonomy":"post_tag","embeddable":true,"href":"https:\/\/sven-ove.nu\/index.php?rest_route=%2Fwp%2Fv2%2Ftags&post=9241"}],"curies":[{"name":"wp","href":"https:\/\/api.w.org\/{rel}","templated":true}]}}