{"id":9263,"date":"2014-08-06T03:00:39","date_gmt":"2014-08-06T02:00:39","guid":{"rendered":"http:\/\/sven-ove.nu\/?p=9263"},"modified":"2014-08-05T19:40:20","modified_gmt":"2014-08-05T18:40:20","slug":"den-larorika-radslan-pa-vag-till-grossbolstorp","status":"publish","type":"post","link":"https:\/\/sven-ove.nu\/?p=9263","title":{"rendered":"Den l\u00e4rorika r\u00e4dslan p\u00e5 v\u00e4g till Grossbolstorp"},"content":{"rendered":"<p style=\"text-align: left;\"><a href=\"https:\/\/sven-ove.nu\/wp-content\/uploads\/2014\/08\/Kapad-bj\u00f6rk.jpg\"><img loading=\"lazy\" decoding=\"async\" class=\"alignleft size-large wp-image-9266\" alt=\"Kapad bj\u00f6rk\" src=\"https:\/\/sven-ove.nu\/wp-content\/uploads\/2014\/08\/Kapad-bj\u00f6rk-1024x403.jpg\" width=\"640\" height=\"251\" srcset=\"https:\/\/sven-ove.nu\/wp-content\/uploads\/2014\/08\/Kapad-bj\u00f6rk-1024x403.jpg 1024w, https:\/\/sven-ove.nu\/wp-content\/uploads\/2014\/08\/Kapad-bj\u00f6rk-300x118.jpg 300w, https:\/\/sven-ove.nu\/wp-content\/uploads\/2014\/08\/Kapad-bj\u00f6rk.jpg 1618w\" sizes=\"auto, (max-width: 640px) 100vw, 640px\" \/><\/a><\/p>\n<p style=\"text-align: left; padding-left: 30px;\"><em>Sista backen hem, dagen efter\u00e5t n\u00e4r bj\u00f6rken \u00e4r kapad.<\/em><\/p>\n<p style=\"text-align: left;\">Regnet vr\u00e4ker ner, mer \u00e4n vindrutetorkarna orkar med i de v\u00e4rsta byarna. D\u00e5 och d\u00e5 dansar en \u00e4nnu v\u00e4rre dusch \u00f6ver v\u00e4gen. Vinden tjuter och f\u00e5r granskogen l\u00e4ngs v\u00e4gen att huka. Grenar far genom luften, ibland h\u00f6rs en duns n\u00e4r de tr\u00e4ffar bilen. Molnen g\u00f6r dagen bl\u00e5svart men blixtarna kommer t\u00e4tare nu, d\u00e5 lyser v\u00e4rlden upp. Ibland har blixten och dundret s\u00e5 t\u00e4tt s\u00e4llskap att jag inte hinner r\u00e4kna. Bilarna bakom h\u00e5ller avst\u00e5ndet fast vi k\u00f6r i 40, n\u00e5gra stannar till vid f\u00f6rsta parkeringsfickan de hittar och d\u00e4r st\u00e5r de sedan.<\/p>\n<p>Jag \u00e4r en modig m\u00e4nniska. Jag t\u00f6rs st\u00e4lla mig p\u00e5 scener och f\u00f6rs\u00f6ka vara rolig, fast jag \u00e4r r\u00e4dd varje g\u00e5ng. Jag t\u00f6rs skriva p\u00e5 facebook att jag gillar foppatofflor. Men jag \u00e4r ocks\u00e5 modig nog att erk\u00e4nna att den h\u00e4r eftermiddagen, m\u00e5ndagen den 4 augusti 2014, \u00e4r f\u00f6rsta g\u00e5ngen jag \u00e4r riktigt r\u00e4dd vid ratten mellan F\u00e4rjestad i Karlstad och Skived i kanten av Forshaga. \u00c4nnu r\u00e4ddare n\u00e4r jag kommer fram till Forshaga, v\u00e4rre v\u00e4der har jag aldrig k\u00f6rt bil i om sommaren.<\/p>\n<p><b>En nyttig p\u00e5minnelse<br \/>\n<\/b>En g\u00e5ng i tiden h\u00f6ll jag kurser med Kommunal i V\u00e4rmland. D\u00e5 brukade jag s\u00e4ga till kommunalarbetarna att de borde ordna en rej\u00e4l vattenl\u00e4cka var tredje \u00e5r. Ett sk\u00e4mt, f\u00f6rst\u00e5s, men visst hade det varit pedagogiskt.<\/p>\n<p>Vi beh\u00f6ver bli p\u00e5minda ibland om allt detta arbete som svenska arbetare och tj\u00e4nstem\u00e4n l\u00e4gger ner, f\u00f6r att v\u00e5r vardag ska fungera. Vatten kommer ur kranen, elstr\u00f6m str\u00f6mmar genom sladden, internet och annan trafik fungerar.<\/p>\n<p><b>Tvingas v\u00e4nda tre g\u00e5nger<br \/>\n<a href=\"https:\/\/sven-ove.nu\/wp-content\/uploads\/2014\/08\/Bj\u00f6rken-kapad.jpg\"><img loading=\"lazy\" decoding=\"async\" class=\"size-medium wp-image-9268 alignright\" alt=\"Bj\u00f6rken kapad\" src=\"https:\/\/sven-ove.nu\/wp-content\/uploads\/2014\/08\/Bj\u00f6rken-kapad-120x300.jpg\" width=\"120\" height=\"300\" srcset=\"https:\/\/sven-ove.nu\/wp-content\/uploads\/2014\/08\/Bj\u00f6rken-kapad-120x300.jpg 120w, https:\/\/sven-ove.nu\/wp-content\/uploads\/2014\/08\/Bj\u00f6rken-kapad-411x1024.jpg 411w, https:\/\/sven-ove.nu\/wp-content\/uploads\/2014\/08\/Bj\u00f6rken-kapad.jpg 562w\" sizes=\"auto, (max-width: 120px) 100vw, 120px\" \/><\/a><\/b>Klockan kvart i fyra n\u00e5r jag fram till Skived genom ov\u00e4dret. Det \u00e4r \u00e4nnu v\u00e4rre nu. D\u00e5 har jag duckat reflexm\u00e4ssigt m\u00e5nga g\u00e5nger f\u00f6r blixtar och grenar. Nu kommer det en stor stadsjeep k\u00f6rande p\u00e5 g\u00e5ng- och cykelv\u00e4gen till v\u00e4nster. <i>Idiot!<\/i> t\u00e4nker jag men strax d\u00e4rp\u00e5 m\u00e5ste jag ocks\u00e5 sv\u00e4nga \u00f6ver dit. Det ligger ett tr\u00e4d \u00f6ver v\u00e4gen.<\/p>\n<p>I sista backen upp till v\u00e5r gata ligger n\u00e4sta tr\u00e4d, en bj\u00f6rk, \u00f6ver asfalten. Jag v\u00e4nder, tittar p\u00e5 himlen och bed\u00f6mer att det \u00e4r liiite mindre t\u00e4tt med blixtar mot s\u00f6der i t\u00e4torten. Det hj\u00e4lper inte. Kommen till s\u00f6dra infarten till Forshaga, n\u00e5gra kilometer bort, f\u00e5r jag v\u00e4nda igen. En stor bj\u00f6rk har fallit \u00f6ver Storgatan, p\u00e5 b\u00e5da sidor om tr\u00e4det st\u00e5r personbilar och tradare i k\u00f6. D\u00e5 k\u00f6r jag in en sm\u00e5v\u00e4g efter \u00e4lven men f\u00e5r v\u00e4nda d\u00e4r med. Hela tiden bl\u00e5ser, blixtrar och mullrar min v\u00e4rld. Regnet har \u00f6kat, ibland f\u00e5r jag stanna medan torkarna k\u00e4mpar. Blixt efter blixt lyser upp himlen norrut och \u00e4nd\u00e5 \u00e4r det den v\u00e4gen jag m\u00e5ste ta f\u00f6r att kunna ta mig hem. Bara inte den v\u00e4gen ocks\u00e5 \u00e4r blockerad.<\/p>\n<p>Det fungerar till sist. Strax efter att jag ringt 112 och ber\u00e4ttat om de fyra tr\u00e4den \u00f6ver v\u00e4garna ringer min k\u00e4ra v\u00e4n. V\u00e5rt hus st\u00e5r kvar, hon har precis hunnit hem. En stund senare blir vi str\u00f6ml\u00f6sa, vilket n\u00e4stan aldrig h\u00e4nder. Dator och telefon har vi f\u00f6rst\u00e5s dragit ur jacken till, nu sitter vi vid sterinljusen och ser mobilerna f\u00e5 allt s\u00e4mre t\u00e4ckning timme efter timme. Masterna \u00e4r ocks\u00e5 str\u00f6ml\u00f6sa. T\u00e4ckningen blir s\u00e4mre, varenda webbplats segare.<\/p>\n<p><b>V\u00e4lf\u00e4rden kr\u00e4ver v\u00e4lf\u00e4rdsarbetare<br \/>\n<\/b>Alltihop \u00e4r mycket pedagogiskt. Sj\u00e4lv rycker jag till n\u00e4r blixtarna kommer n\u00e4ra men min fru tycker det \u00e4r storslaget och det f\u00e5r man h\u00e5lla med om. Samtidigt konstaterar vi vad vi vetat l\u00e4nge. Det \u00e4r folket som g\u00f6r historien. Det \u00e4r m\u00e4nniskans arbete som g\u00f6r att v\u00e5ra liv kan fungera. I vardag och i ov\u00e4der.<\/p>\n<p><a href=\"https:\/\/sven-ove.nu\/wp-content\/uploads\/2014\/08\/Bj\u00f6rken-kapad.jpg\"><img loading=\"lazy\" decoding=\"async\" class=\"alignleft size-thumbnail wp-image-9268\" alt=\"Bj\u00f6rken kapad\" src=\"https:\/\/sven-ove.nu\/wp-content\/uploads\/2014\/08\/Bj\u00f6rken-kapad-150x150.jpg\" width=\"150\" height=\"150\" \/><\/a>&#8211; Just nu, s\u00e4ger jag, \u00e4r det fullt med jourgubbar och gummor som r\u00f6jer upp \u00f6verallt. Mitt i \u00e5skan. Kapar nerfallna tr\u00e4d, letar efter elfelen, pumpar vatten ur k\u00e4llare och skickar ut information.<\/p>\n<p>Naturens krafter \u00e4r storslagna.\u00a0Det \u00e4r m\u00e4nniskans ocks\u00e5, n\u00e4r hon sluter sig samman och skapar samh\u00e4llen.<\/p>\n","protected":false},"excerpt":{"rendered":"<p>Sista backen hem, dagen efter\u00e5t n\u00e4r bj\u00f6rken \u00e4r kapad. Regnet vr\u00e4ker ner, mer \u00e4n vindrutetorkarna orkar med i de v\u00e4rsta byarna. D\u00e5 och d\u00e5 dansar en \u00e4nnu v\u00e4rre dusch \u00f6ver v\u00e4gen. Vinden tjuter och f\u00e5r granskogen l\u00e4ngs v\u00e4gen att huka. Grenar far genom luften, ibland h\u00f6rs en duns n\u00e4r de tr\u00e4ffar bilen. Molnen g\u00f6r dagen &hellip; <a href=\"https:\/\/sven-ove.nu\/?p=9263\" class=\"more-link\">Forts\u00e4tt l\u00e4sa <span class=\"screen-reader-text\">Den l\u00e4rorika r\u00e4dslan p\u00e5 v\u00e4g till Grossbolstorp<\/span><\/a><\/p>\n","protected":false},"author":1,"featured_media":0,"comment_status":"open","ping_status":"open","sticky":false,"template":"","format":"standard","meta":{"_crdt_document":"","_monsterinsights_skip_tracking":false,"_monsterinsights_sitenote_active":false,"_monsterinsights_sitenote_note":"","_monsterinsights_sitenote_category":0,"footnotes":""},"categories":[10,6],"tags":[3,18],"class_list":["post-9263","post","type-post","status-publish","format-standard","hentry","category-familjen","category-natur","tag-arbete","tag-lardomar"],"_links":{"self":[{"href":"https:\/\/sven-ove.nu\/index.php?rest_route=\/wp\/v2\/posts\/9263","targetHints":{"allow":["GET"]}}],"collection":[{"href":"https:\/\/sven-ove.nu\/index.php?rest_route=\/wp\/v2\/posts"}],"about":[{"href":"https:\/\/sven-ove.nu\/index.php?rest_route=\/wp\/v2\/types\/post"}],"author":[{"embeddable":true,"href":"https:\/\/sven-ove.nu\/index.php?rest_route=\/wp\/v2\/users\/1"}],"replies":[{"embeddable":true,"href":"https:\/\/sven-ove.nu\/index.php?rest_route=%2Fwp%2Fv2%2Fcomments&post=9263"}],"version-history":[{"count":6,"href":"https:\/\/sven-ove.nu\/index.php?rest_route=\/wp\/v2\/posts\/9263\/revisions"}],"predecessor-version":[{"id":9271,"href":"https:\/\/sven-ove.nu\/index.php?rest_route=\/wp\/v2\/posts\/9263\/revisions\/9271"}],"wp:attachment":[{"href":"https:\/\/sven-ove.nu\/index.php?rest_route=%2Fwp%2Fv2%2Fmedia&parent=9263"}],"wp:term":[{"taxonomy":"category","embeddable":true,"href":"https:\/\/sven-ove.nu\/index.php?rest_route=%2Fwp%2Fv2%2Fcategories&post=9263"},{"taxonomy":"post_tag","embeddable":true,"href":"https:\/\/sven-ove.nu\/index.php?rest_route=%2Fwp%2Fv2%2Ftags&post=9263"}],"curies":[{"name":"wp","href":"https:\/\/api.w.org\/{rel}","templated":true}]}}