{"id":9281,"date":"2014-08-09T03:00:19","date_gmt":"2014-08-09T02:00:19","guid":{"rendered":"http:\/\/sven-ove.nu\/?p=9281"},"modified":"2014-08-09T07:27:32","modified_gmt":"2014-08-09T06:27:32","slug":"vem-ar-radd-for-robert-jappinen","status":"publish","type":"post","link":"https:\/\/sven-ove.nu\/?p=9281","title":{"rendered":"Vem \u00e4r r\u00e4dd f\u00f6r Robert J\u00e4ppinen?"},"content":{"rendered":"<p><a href=\"https:\/\/sven-ove.nu\/wp-content\/uploads\/2014\/08\/Robert-ur-klipp.jpg\"><img loading=\"lazy\" decoding=\"async\" class=\"size-medium wp-image-9287 alignright\" alt=\"Robert ur klipp\" src=\"https:\/\/sven-ove.nu\/wp-content\/uploads\/2014\/08\/Robert-ur-klipp-217x300.jpg\" width=\"217\" height=\"300\" srcset=\"https:\/\/sven-ove.nu\/wp-content\/uploads\/2014\/08\/Robert-ur-klipp-217x300.jpg 217w, https:\/\/sven-ove.nu\/wp-content\/uploads\/2014\/08\/Robert-ur-klipp-743x1024.jpg 743w, https:\/\/sven-ove.nu\/wp-content\/uploads\/2014\/08\/Robert-ur-klipp.jpg 839w\" sizes=\"auto, (max-width: 217px) 100vw, 217px\" \/><\/a>Jag tyckte om honom.<\/p>\n<p>Andra g\u00e5ngen vi tr\u00e4ffades h\u00f6ll han p\u00e5 med swimmingpoolen. Ett badkar som han gr\u00e4vt ner i sin gr\u00e4smatta vid Tage Erlanders pappas gamla skola i Stensdalen utanf\u00f6r Rans\u00e4ter. Han bodde d\u00e4r. Nu skulle vattnet fyllas p\u00e5. Det \u00e4r enda g\u00e5ngen jag har fotograferat en spritt naken konstn\u00e4r med vackert vitt sk\u00e4gg.<\/p>\n<p>F\u00f6rsta g\u00e5ngen ringde han och ber\u00e4ttade: <i>\u201dJag ska slakta Krigets Bagge. Ni ska komma. Ta med barnen. Bjuder.\u201d<\/i> Det skulle bli vernissage sa han och s\u00e5 blev det. N\u00e4r vi kom dit visade han video p\u00e5 den slaktade baggen. F\u00f6rst h\u00e4ngde den i ett rep och sedan grillades den. Sn\u00f6 \u00f6verallt, skolan var iskall men baggen god. Vernissagefesten bestod av v\u00e5r familj, v\u00e4rden sj\u00e4lv samt hans kollega konstn\u00e4ren Algot G\u00e4werth fr\u00e5n Molkom. Vi \u00e5t grillat och videofilmat f\u00e5rk\u00f6tt, drack r\u00f6dvin och pratade om freden. Han gjorde g\u00e4rna det.<\/p>\n<p><b>Jag k\u00e4nner igen motiven direkt<br \/>\n<\/b>Sedan visade han ett par av sina f\u00f6rsta m\u00e5lningar. Det tog ett tag att leta fram dem, men nu l\u00e5g de p\u00e5 bordet framf\u00f6r oss. En mosse med en skogsholme mitt p\u00e5. En bondgubbe med l\u00e4tt r\u00f6dblommiga kinder.<\/p>\n<p>Det klack till i mig. Den mossen, den gubben. Det var min tur att k\u00f6ra denna kv\u00e4ll, n\u00e5got vin hade jag inte druckit, men nu snurrade v\u00e4rlden i n\u00e5gra sekunder. <i>\u201dJag har suttit och tittat p\u00e5 orrspel fr\u00e5n den holmen m\u00e5nga g\u00e5nger\u201d<\/i>, sa jag. <i>\u201dFem hundra meter fr\u00e5n d\u00e4r vi bodde. Gubben, hette han Viktor eller Albin? Vi k\u00f6pte g\u00e5rden av tv\u00e5 br\u00f6der som s\u00e5g ut s\u00e5d\u00e4r. Jag var sju \u00e5r och r\u00e4dd f\u00f6r b\u00e4gge tv\u00e5.\u201d<\/i><\/p>\n<p><a href=\"https:\/\/sven-ove.nu\/wp-content\/uploads\/2014\/08\/Med-f\u00f6rsta-m\u00e5lningen.jpg\"><img loading=\"lazy\" decoding=\"async\" class=\"alignleft size-thumbnail wp-image-9288\" alt=\"Med f\u00f6rsta m\u00e5lningen\" src=\"https:\/\/sven-ove.nu\/wp-content\/uploads\/2014\/08\/Med-f\u00f6rsta-m\u00e5lningen-150x150.jpg\" width=\"150\" height=\"150\" \/><\/a>Robert J\u00e4ppinen blev inte ett dugg f\u00f6rv\u00e5nad. Han hade varit med om v\u00e4rre sammantr\u00e4ffanden. 1947 var han flykting och hamnade som bonddr\u00e4ng hos en familj som vi skulle bli grannar med. Gubben p\u00e5 m\u00e5lningen, som vi k\u00f6pte g\u00e5rden av, var bekant med den familjen. Mossen var skr\u00e4ckblandad eftersom Robert n\u00e4stan r\u00e5kade dr\u00e4nka sin husbondes h\u00e4st d\u00e4r. Bonden han var dr\u00e4ng hos. <i>\u201dSedan kom jag till Erik\u201d,<\/i> sa han.<\/p>\n<p>Det var en s\u00e5dan kv\u00e4ll. <i>\u201dErik?\u201d<\/i> sa jag och tillade efternamnet p\u00e5 en annan granne som vi kom att umg\u00e5s med den g\u00e5ngen. <i>\u201dErik Nilsson?\u201d. \u201dJust han\u201d,<\/i> sa Robert J\u00e4ppinen och ringde upp mina f\u00f6r\u00e4ldrars v\u00e4n, denne Erik. Jag hade inte talat med honom p\u00e5 17 \u00e5r. <i>\u201dKom hit!\u201d<\/i> sa Robert, mitt i kalla midvinternatten.<\/p>\n<p>Nja.<\/p>\n<p><b>\u00c4r museet sj\u00e4lvironiskt?<br \/>\n<a href=\"https:\/\/sven-ove.nu\/wp-content\/uploads\/2014\/08\/Affisch-Robert.jpg\"><img loading=\"lazy\" decoding=\"async\" class=\"size-medium wp-image-9290 alignright\" alt=\"Affisch Robert\" src=\"https:\/\/sven-ove.nu\/wp-content\/uploads\/2014\/08\/Affisch-Robert-163x300.jpg\" width=\"163\" height=\"300\" srcset=\"https:\/\/sven-ove.nu\/wp-content\/uploads\/2014\/08\/Affisch-Robert-163x300.jpg 163w, https:\/\/sven-ove.nu\/wp-content\/uploads\/2014\/08\/Affisch-Robert-559x1024.jpg 559w\" sizes=\"auto, (max-width: 163px) 100vw, 163px\" \/><\/a><\/b>Allt det h\u00e4r beror p\u00e5 att jag \u00e4ntligen har varit till V\u00e4rmlands Museum och sett dess J\u00e4ppinen-utst\u00e4llning. <b>Vem \u00e4r r\u00e4dd f\u00f6r J\u00e4ppinen?<\/b> fr\u00e5gar utst\u00e4llningsaffischen. En medveten sj\u00e4lvironi fr\u00e5n museet hoppas jag. Var det inte l\u00e4nsmuseet som hade konflikt efter konflikt med min kontroversielle fredsv\u00e4n?<\/p>\n<p>P\u00e5 v\u00e4ggarna h\u00e4nger olika uttalanden av Robert, jag k\u00e4nner igen m\u00e5nga av dem fr\u00e5n hans webbplats och publikationer:<\/p>\n<p style=\"padding-left: 30px;\"><i>Stopp p\u00e5 all milit\u00e4r produktion \u2013 omedelbart!<br \/>\n<\/i><i>Bort med de blindas ledarskap av de blinda.<br \/>\n<\/i><i>Konsten \u00e4r endast sp\u00e5n fr\u00e5n hyvelb\u00e4nken.<br \/>\n<\/i><i>Bort med dr\u00f6mmar om konjunkturuppg\u00e5ng.<br \/>\n<\/i><i>Haren \u00e4r inte r\u00e4dd f\u00f6r en annan hare. M\u00e4nniskan \u00e4r r\u00e4dd f\u00f6r en annan m\u00e4nniska.<\/i><\/p>\n<p style=\"padding-left: 30px;\"><i>M\u00e4nniskan \u00e4r som grisen, \u00e4ter vad som helst.<br \/>\n<\/i><i>Jag vet allt som finns att veta f\u00f6r en m\u00e4nniska.<br \/>\n<\/i><i>Jag har ingen r\u00e4dsla i min kropp.<br \/>\n<\/i><i>Vad \u00e4r frihet v\u00e4rd f\u00f6r en som ej kan b\u00e4ra friheten.<br \/>\n<\/i><i>Alla kulturer har kr\u00e4nkt barnets frihet.<\/i><\/p>\n<p style=\"padding-left: 30px;\"><i>Frihet inneb\u00e4r ansvar att b\u00e4ra korset.<br \/>\n<\/i><i>Vem skyddar barnets frihet?<br \/>\n<\/i><i>M\u00e4nniskan \u00e4r den enda varelse som f\u00f6rtrycker sin avkomma.<br \/>\n<\/i><i>Vem \u00e4r den f\u00f6rste f\u00f6rtryckaren? Mannen eller kvinnan?<\/i><\/p>\n<p style=\"padding-left: 30px;\"><i>Utan r\u00e4ttvisa ingen fred. Utan fred ingen framtid.<\/i><\/p>\n<p style=\"padding-left: 30px;\"><i>Min personliga metod b\u00f6rjade fr\u00e5n tre \u00e5rs \u00e5lder i en by utanf\u00f6r Leningrad. D\u00e4rav ingenting \u00e4r om\u00f6jligt f\u00f6r mig.<br \/>\n<\/i><i>Kommunikationsmedia \u00e4r ej f\u00f6r att \u00e4gas. Kommunikationsmedia \u00e4r f\u00f6r att m\u00e4nniskan skall vara informerad.<br \/>\n<\/i><i>M\u00e4nniskan \u00e4r vi \u2013 vi avskaffar idiotin \u2013 flyttar berget som skuggar \u2013 vi \u00e4r solen \u2013 si s\u00e4tter stopp och s\u00e4ger god b\u00f6rjan.<br \/>\n<\/i><i>M\u00e4nniskan \u00e4r fri \u2013 ingen tr\u00e4l \u2013 inte en f\u00e5ngvaktare \u2013 inte en ordningens uppr\u00e4tth\u00e5llare &#8211; inte en etablerad idiot \u2013 inte en stor eller liten \u2013 m\u00e4nniskan \u00e4r inte \u201djag\u201d.<\/i><\/p>\n<p style=\"padding-left: 30px;\"><i>Bort med arbete som kallas syssels\u00e4ttning: tillverkning av kanoner-ub\u00e5tar-stridsplan och annat pladder \u2013 skr\u00e4mselverk.<br \/>\n<\/i><i>Bort med idioter fr\u00e5n jorden.<br \/>\n<\/i><i>Bort med idioters r\u00e4ttigheter som kallas \u201dm\u00e4nskliga\u201d.<br \/>\n<\/i><i>Bort med de viskande tungornas tal om fredlig samexistens \u2013 om fredlig k\u00e4rnkraft \u2013 om terrorbalans.<\/i><\/p>\n<p style=\"padding-left: 30px;\"><i>Du \u00e4r vi. Har alltid varit.<\/i><\/p>\n<p><b>Vapnen ska sm\u00f6rjas<br \/>\n<\/b>Jag fotograferar ett av alla dessa papper han producerade:<\/p>\n<p style=\"padding-left: 30px;\"><i><a href=\"https:\/\/sven-ove.nu\/wp-content\/uploads\/2014\/08\/Handskrift-Robert.jpg\"><img loading=\"lazy\" decoding=\"async\" class=\"size-medium wp-image-9291 alignright\" alt=\"Handskrift Robert\" src=\"https:\/\/sven-ove.nu\/wp-content\/uploads\/2014\/08\/Handskrift-Robert-266x300.jpg\" width=\"266\" height=\"300\" srcset=\"https:\/\/sven-ove.nu\/wp-content\/uploads\/2014\/08\/Handskrift-Robert-266x300.jpg 266w, https:\/\/sven-ove.nu\/wp-content\/uploads\/2014\/08\/Handskrift-Robert-909x1024.jpg 909w\" sizes=\"auto, (max-width: 266px) 100vw, 266px\" \/><\/a>\u201dI alla l\u00e4nder \u2013 samtidigt \u2013 stopp p\u00e5 produktion av milit\u00e4ra vapen \u00f6verallt samtidigt \u2013 p\u00e5 samma dag. N\u00e5gra andra alternativ gives ej. \/\u2026\/<\/i><\/p>\n<p style=\"padding-left: 30px;\"><i>De befintliga milit\u00e4ra vapnen ska ej skrotas utan sm\u00f6rjas \u2013 s\u00e5 att de ej rostar \u2013 som museif\u00f6rem\u00e5l f\u00f6r all framtid att besk\u00e5das av det m\u00e4nskliga varandet.<\/i><\/p>\n<p style=\"padding-left: 30px;\"><i>Vi \u00e4r framme. Det som ej var m\u00f6jligt f\u00f6r 2000 \u00e5r sen \u00e4r m\u00f6jligt i dag 1986. Stopp.\u201d<\/i><\/p>\n<p><b>Hela m\u00e4nniskan Robert<br \/>\n<\/b><i>\u201dHej det \u00e4r Robert\u201d<\/i> brukade det s\u00e4ga i luren, sedan tog samtalet 45 minuter. Ibland var det tr\u00f6ttsamt men alltid v\u00e4rt aktning. St\u00f6rre fredsv\u00e4n har jag aldrig tr\u00e4ffat.<\/p>\n<p>Nu st\u00e5r jag h\u00e4r och tittar p\u00e5 hans bilder, hans fredsbudskap och ber\u00e4ttelse. Ett tag fick han f\u00f6r sig att m\u00e5la l\u00e5nga serier av bilder p\u00e5 k\u00e4nda personer. Erik Gustaf Geijer, Selma Lagerl\u00f6f, Marilyn Monroe. N\u00e5gra av dem f\u00e5r jag \u00e5terse nu. Allt \u00e4r inte bra men det \u00e4r fint att utst\u00e4llningen lyckas visa p\u00e5 hela personligheten. Robert var inte bara konstn\u00e4r, inte bara fredsk\u00e4mpe, inte bara arrang\u00f6r av happenings. Han var allt det.<\/p>\n<p>Robert J\u00e4ppinen f\u00f6ddes i Ingermanland den 9 januari 1924, \u00e4ven om n\u00e5gon lyckades v\u00e4nda p\u00e5 siffrorna till 1 september n\u00e4r han skulle registreras i Sverige. Han v\u00e4xte upp i Sovjetunionen, bodde d\u00e4r n\u00e4r kriget kom, tvingades leva under nazismen och fick en <a href=\"https:\/\/sven-ove.nu\/wp-content\/uploads\/2014\/08\/Sjaljportratt1.jpg\"><img loading=\"lazy\" decoding=\"async\" class=\"alignleft size-thumbnail wp-image-9292\" alt=\"Sjaljportratt1\" src=\"https:\/\/sven-ove.nu\/wp-content\/uploads\/2014\/08\/Sjaljportratt1-150x150.jpg\" width=\"150\" height=\"150\" \/><\/a>period sitta i f\u00e5ngl\u00e4ger. 1943 l\u00e4mnade han Ingermanland och tre \u00e5r senare \u00e5terfanns han i ett flyktingl\u00e4ger p\u00e5 Hang\u00f6 i Finland. 1947 jobbade han i \u00c5bo hamn och skaffade b\u00e5ttransport till Sverige. Av en slump hamnade han i Filipstad, d\u00e4r han tr\u00e4ffade en bonde fr\u00e5n Nyed som ville ha honom som dr\u00e4ng. 1948 flyttade han till G\u00f6teborgstrakten och b\u00f6rjade arbeta p\u00e5 textilfabriken i M\u00f6lnlycke. 1960 kom han till Rans\u00e4ter.<\/p>\n<p><b>Brev till m\u00e5nga makthavare<br \/>\n<\/b>P\u00e5 en v\u00e4gg h\u00e4nger ett tidningsklipp med en portr\u00e4ttbild jag tagit f\u00f6r tidningen V\u00e4rmlands-Bygden. Artikeln \u00e4r r\u00e4tt tafflig men bilden \u00e4r jag n\u00f6jd med. Den visar en man som upplevt krig och diktatur och flydde till Sverige \u00e5r 1947, en som gjorde livet intressantare f\u00f6r m\u00e5nga av oss.<\/p>\n<p>Ingen jag k\u00e4nt har skrivit fler brev till makthavarna i v\u00e4rlden. De lyssnade inte, det \u00e4r fortfarande krig.<\/p>\n<p>Utan r\u00e4ttvisa ingen fred. Utan fred ingen framtid.<\/p>\n<p style=\"padding-left: 30px;\"><b>L\u00e4s mer<br \/>\n<\/b><i>Mats Dahlberg, NWT: <a href=\"http:\/\/nwt.se\/kultur\/konst\/article1082336.ece\">J\u00e4ppinen sl\u00e4pps in i konstens finrum<\/a> (l\u00e5st artikel).<br \/>\n<\/i><i>Armas J\u00e4ppinens webbplats om faderns konst och hus: <a href=\"http:\/\/www.jappinen.se\">www.jappinen.se<\/a><\/i><\/p>\n<p style=\"padding-left: 30px;\">Utst\u00e4llningen p\u00e5 V\u00e4rmlands Museum i Karlstad p\u00e5g\u00e5r till den 17 augusti.<\/p>\n","protected":false},"excerpt":{"rendered":"<p>Jag tyckte om honom. Andra g\u00e5ngen vi tr\u00e4ffades h\u00f6ll han p\u00e5 med swimmingpoolen. Ett badkar som han gr\u00e4vt ner i sin gr\u00e4smatta vid Tage Erlanders pappas gamla skola i Stensdalen utanf\u00f6r Rans\u00e4ter. Han bodde d\u00e4r. Nu skulle vattnet fyllas p\u00e5. Det \u00e4r enda g\u00e5ngen jag har fotograferat en spritt naken konstn\u00e4r med vackert vitt sk\u00e4gg. &hellip; <a href=\"https:\/\/sven-ove.nu\/?p=9281\" class=\"more-link\">Forts\u00e4tt l\u00e4sa <span class=\"screen-reader-text\">Vem \u00e4r r\u00e4dd f\u00f6r Robert J\u00e4ppinen?<\/span><\/a><\/p>\n","protected":false},"author":1,"featured_media":0,"comment_status":"open","ping_status":"open","sticky":false,"template":"","format":"standard","meta":{"_crdt_document":"","_monsterinsights_skip_tracking":false,"_monsterinsights_sitenote_active":false,"_monsterinsights_sitenote_note":"","_monsterinsights_sitenote_category":0,"footnotes":""},"categories":[10,9,4],"tags":[3,24,17],"class_list":["post-9281","post","type-post","status-publish","format-standard","hentry","category-familjen","category-politik","category-skrivande","tag-arbete","tag-karlek","tag-solidaritet"],"_links":{"self":[{"href":"https:\/\/sven-ove.nu\/index.php?rest_route=\/wp\/v2\/posts\/9281","targetHints":{"allow":["GET"]}}],"collection":[{"href":"https:\/\/sven-ove.nu\/index.php?rest_route=\/wp\/v2\/posts"}],"about":[{"href":"https:\/\/sven-ove.nu\/index.php?rest_route=\/wp\/v2\/types\/post"}],"author":[{"embeddable":true,"href":"https:\/\/sven-ove.nu\/index.php?rest_route=\/wp\/v2\/users\/1"}],"replies":[{"embeddable":true,"href":"https:\/\/sven-ove.nu\/index.php?rest_route=%2Fwp%2Fv2%2Fcomments&post=9281"}],"version-history":[{"count":9,"href":"https:\/\/sven-ove.nu\/index.php?rest_route=\/wp\/v2\/posts\/9281\/revisions"}],"predecessor-version":[{"id":9296,"href":"https:\/\/sven-ove.nu\/index.php?rest_route=\/wp\/v2\/posts\/9281\/revisions\/9296"}],"wp:attachment":[{"href":"https:\/\/sven-ove.nu\/index.php?rest_route=%2Fwp%2Fv2%2Fmedia&parent=9281"}],"wp:term":[{"taxonomy":"category","embeddable":true,"href":"https:\/\/sven-ove.nu\/index.php?rest_route=%2Fwp%2Fv2%2Fcategories&post=9281"},{"taxonomy":"post_tag","embeddable":true,"href":"https:\/\/sven-ove.nu\/index.php?rest_route=%2Fwp%2Fv2%2Ftags&post=9281"}],"curies":[{"name":"wp","href":"https:\/\/api.w.org\/{rel}","templated":true}]}}