{"id":9304,"date":"2014-08-12T03:00:28","date_gmt":"2014-08-12T02:00:28","guid":{"rendered":"http:\/\/sven-ove.nu\/?p=9304"},"modified":"2014-08-11T18:45:35","modified_gmt":"2014-08-11T17:45:35","slug":"och-da-klampar-jag-in","status":"publish","type":"post","link":"https:\/\/sven-ove.nu\/?p=9304","title":{"rendered":"&#8230; och d\u00e5 klampar jag in"},"content":{"rendered":"<p><a href=\"https:\/\/sven-ove.nu\/wp-content\/uploads\/2014\/08\/Portr\u00e4tt-av-bloggaren-som-ung.jpg\"><img loading=\"lazy\" decoding=\"async\" class=\"alignright size-medium wp-image-9306\" alt=\"Portr\u00e4tt av bloggaren som ung\" src=\"https:\/\/sven-ove.nu\/wp-content\/uploads\/2014\/08\/Portr\u00e4tt-av-bloggaren-som-ung-179x300.jpg\" width=\"179\" height=\"300\" srcset=\"https:\/\/sven-ove.nu\/wp-content\/uploads\/2014\/08\/Portr\u00e4tt-av-bloggaren-som-ung-179x300.jpg 179w, https:\/\/sven-ove.nu\/wp-content\/uploads\/2014\/08\/Portr\u00e4tt-av-bloggaren-som-ung-613x1024.jpg 613w, https:\/\/sven-ove.nu\/wp-content\/uploads\/2014\/08\/Portr\u00e4tt-av-bloggaren-som-ung.jpg 1453w\" sizes=\"auto, (max-width: 179px) 100vw, 179px\" \/><\/a>Varje g\u00e5ng jag klampar in i n\u00e5gon ny debatt och f\u00e5r p\u00e5 tafsen s\u00e5 t\u00e4nker jag tyst f\u00f6r mig sj\u00e4lv: <i>\u201dJa ja. Du vet inte du, k\u00e4re tr\u00e4tobroder. Men jag har faktiskt arbetat som professionell klampare. Inte p\u00e5 heltid men enstaka dagar n\u00e4r han vid andrakapan p\u00e5 s\u00e5gen var ledig. Han hette G\u00f6sta. Han kunde allt.\u201d<\/i><\/p>\n<p>D\u00e5 <b><a href=\"http:\/\/g3.spraakdata.gu.se\/saob\/show.phtml?filenr=1\/119\/182.html\">klampade<\/a><\/b> jag. 1973. En och annan vilsen debatt p\u00e5 n\u00e4tet \u00e4r bara en fjunig eftersmak. Virke, det \u00e4r mer fiber i det. Det bygger m\u00e4nskligheten hus av. Tacka vet jag fura, tall och ett rej\u00e4lt justerverk. 12 000 beslut om dagen, det \u00e4r mer tag det du, debatt\u00f6r.<\/p>\n<p>Klamp klamp.<br \/>\nKlassklamp.<\/p>\n<p style=\"padding-left: 30px;\"><i>G\u00e5 inte i f\u00e4llan, vet jag. Det \u00e4r ett internt klamparsk\u00e4mt fr\u00e5n f\u00f6rsta dagen p\u00e5 jobbet f\u00f6r n\u00e5gon nykomling. Vi brukade skicka dem att sortera s\u00e5gsp\u00e5n. Fura f\u00f6r sig och tall f\u00f6r sig. Gick du p\u00e5 den l\u00e4tte?<\/i><i>\u00a0<\/i><\/p>\n<p style=\"padding-left: 30px;\"><i>Klamp klamp.<\/i><\/p>\n","protected":false},"excerpt":{"rendered":"<p>Varje g\u00e5ng jag klampar in i n\u00e5gon ny debatt och f\u00e5r p\u00e5 tafsen s\u00e5 t\u00e4nker jag tyst f\u00f6r mig sj\u00e4lv: \u201dJa ja. Du vet inte du, k\u00e4re tr\u00e4tobroder. Men jag har faktiskt arbetat som professionell klampare. Inte p\u00e5 heltid men enstaka dagar n\u00e4r han vid andrakapan p\u00e5 s\u00e5gen var ledig. Han hette G\u00f6sta. Han kunde &hellip; <a href=\"https:\/\/sven-ove.nu\/?p=9304\" class=\"more-link\">Forts\u00e4tt l\u00e4sa <span class=\"screen-reader-text\">&#8230; och d\u00e5 klampar jag in<\/span><\/a><\/p>\n","protected":false},"author":1,"featured_media":0,"comment_status":"open","ping_status":"open","sticky":false,"template":"","format":"standard","meta":{"_crdt_document":"","_monsterinsights_skip_tracking":false,"_monsterinsights_sitenote_active":false,"_monsterinsights_sitenote_note":"","_monsterinsights_sitenote_category":0,"footnotes":""},"categories":[9],"tags":[3,24],"class_list":["post-9304","post","type-post","status-publish","format-standard","hentry","category-politik","tag-arbete","tag-karlek"],"_links":{"self":[{"href":"https:\/\/sven-ove.nu\/index.php?rest_route=\/wp\/v2\/posts\/9304","targetHints":{"allow":["GET"]}}],"collection":[{"href":"https:\/\/sven-ove.nu\/index.php?rest_route=\/wp\/v2\/posts"}],"about":[{"href":"https:\/\/sven-ove.nu\/index.php?rest_route=\/wp\/v2\/types\/post"}],"author":[{"embeddable":true,"href":"https:\/\/sven-ove.nu\/index.php?rest_route=\/wp\/v2\/users\/1"}],"replies":[{"embeddable":true,"href":"https:\/\/sven-ove.nu\/index.php?rest_route=%2Fwp%2Fv2%2Fcomments&post=9304"}],"version-history":[{"count":3,"href":"https:\/\/sven-ove.nu\/index.php?rest_route=\/wp\/v2\/posts\/9304\/revisions"}],"predecessor-version":[{"id":9308,"href":"https:\/\/sven-ove.nu\/index.php?rest_route=\/wp\/v2\/posts\/9304\/revisions\/9308"}],"wp:attachment":[{"href":"https:\/\/sven-ove.nu\/index.php?rest_route=%2Fwp%2Fv2%2Fmedia&parent=9304"}],"wp:term":[{"taxonomy":"category","embeddable":true,"href":"https:\/\/sven-ove.nu\/index.php?rest_route=%2Fwp%2Fv2%2Fcategories&post=9304"},{"taxonomy":"post_tag","embeddable":true,"href":"https:\/\/sven-ove.nu\/index.php?rest_route=%2Fwp%2Fv2%2Ftags&post=9304"}],"curies":[{"name":"wp","href":"https:\/\/api.w.org\/{rel}","templated":true}]}}