{"id":9349,"date":"2014-08-20T03:00:14","date_gmt":"2014-08-20T02:00:14","guid":{"rendered":"http:\/\/sven-ove.nu\/?p=9349"},"modified":"2014-08-30T18:17:21","modified_gmt":"2014-08-30T17:17:21","slug":"9349","status":"publish","type":"post","link":"https:\/\/sven-ove.nu\/?p=9349","title":{"rendered":"Alla dessa passiva kvinnor p\u00e5 bild"},"content":{"rendered":"<p><a href=\"https:\/\/sven-ove.nu\/wp-content\/uploads\/2014\/08\/Benstr\u00e4ckare.jpg\"><img loading=\"lazy\" decoding=\"async\" class=\"alignright size-large wp-image-9353\" alt=\"Benstr\u00e4ckare\" src=\"https:\/\/sven-ove.nu\/wp-content\/uploads\/2014\/08\/Benstr\u00e4ckare-1024x593.jpg\" width=\"640\" height=\"370\" srcset=\"https:\/\/sven-ove.nu\/wp-content\/uploads\/2014\/08\/Benstr\u00e4ckare-1024x593.jpg 1024w, https:\/\/sven-ove.nu\/wp-content\/uploads\/2014\/08\/Benstr\u00e4ckare-300x173.jpg 300w, https:\/\/sven-ove.nu\/wp-content\/uploads\/2014\/08\/Benstr\u00e4ckare.jpg 1509w\" sizes=\"auto, (max-width: 640px) 100vw, 640px\" \/><\/a><\/p>\n<p>L\u00e4ser den lilla skriften <a href=\"http:\/\/www.regionvarmland.se\/schyst\">Schyst!<\/a> Den \u00e4r s\u00e5 bra att jag egentligen hade velat citera hela.<\/p>\n<p>Vem har inte varit p\u00e5 konferens, d\u00e4r det kommenderats \u201dbenstr\u00e4ckare\u201d? Vem har inte sett inbjudningar till konferenser d\u00e4r det lockats med chokladprovning om m\u00e5lgruppen varit kvinnor och whiskeyprovning om det g\u00e4llt m\u00e4n? Vem har inte sett alla dessa bilder med kvinnor som passiva tillbeh\u00f6r till de aktiva m\u00e4nnen?<\/p>\n<p>Schyst! handlar om kommunikation, en mer j\u00e4mlik s\u00e5dan. Varje l\u00e4sare, lyssnare och mottagare har r\u00e4tt att k\u00e4nna sig inkluderad, v\u00e4rdefull och sedd, skriver Katarina Aver\u00e5s. Sant. Sv\u00e5rt men sant. Eller \u00e4r det s\u00e5 sv\u00e5rt egentligen?<\/p>\n<p><b>\u201dHudf\u00e4rgade strumbyxor\u201d finns inte<br \/>\n<\/b>P\u00e5 mitt jobb brukar vi t\u00e4nka p\u00e5 tre ledord n\u00e4r vi v\u00e4ljer bilder. M\u00e4nniska, v\u00e4rme och m\u00e5ngfald. F\u00f6rr t\u00e4nkte vi nog mest p\u00e5 pl\u00e5t, om man ska d\u00f6ma av bilderna. \u00c4nd\u00e5 \u00e4r det inte pl\u00e5t som bygger v\u00e4lf\u00e4rd. Det \u00e4r m\u00e4nniskor.<\/p>\n<p style=\"padding-left: 30px;\"><i>\u201dOrdet hudf\u00e4rg \u00e4r inte en specifik f\u00e4rg i f\u00e4rgskalan. Hudens f\u00e4rg varierar ju fr\u00e5n person till person. D\u00e4rf\u00f6r blir det alltid fel n\u00e4r vi s\u00e4ger t ex \u2019hudf\u00e4rgad krita\u2019 eller \u2019hudf\u00e4rgade strumpbyxor\u2019\u201d.<\/i><\/p>\n<p style=\"padding-left: 30px;\"><i><a href=\"https:\/\/sven-ove.nu\/wp-content\/uploads\/2014\/08\/Samarbete.jpg\"><img loading=\"lazy\" decoding=\"async\" class=\"size-medium wp-image-9361 alignleft\" alt=\"Samarbete\" src=\"https:\/\/sven-ove.nu\/wp-content\/uploads\/2014\/08\/Samarbete-300x159.jpg\" width=\"300\" height=\"159\" srcset=\"https:\/\/sven-ove.nu\/wp-content\/uploads\/2014\/08\/Samarbete-300x159.jpg 300w, https:\/\/sven-ove.nu\/wp-content\/uploads\/2014\/08\/Samarbete-1024x545.jpg 1024w, https:\/\/sven-ove.nu\/wp-content\/uploads\/2014\/08\/Samarbete.jpg 1450w\" sizes=\"auto, (max-width: 300px) 100vw, 300px\" \/><\/a>\u201dLeende kvinnor med huvudet p\u00e5 sned och m\u00e4n med r\u00e4ttfram sj\u00e4lvs\u00e4ker kroppsh\u00e5llning \u00e4r vanligare \u00e4n tv\u00e4rtom. F\u00f6r att f\u00e5 till en f\u00f6r\u00e4ndring beh\u00f6ver vi alla bli medvetna om den obalans som ofta finns. Regissera f\u00f6r mer j\u00e4mlikhet.\u201d<\/i><\/p>\n<p style=\"padding-left: 30px;\"><i>\u201dFundera \u00f6ver ur vilket perspektiv bilden tas. En person som fotograferas uppifr\u00e5n kan upplevas som f\u00f6rminskad. Tar du bilden ur grodperspektiv kan du i st\u00e4llet f\u00e5 en person p\u00e5 bilden som signalerar makt och \u00f6verl\u00e4gsenhet.\u201d<\/i><\/p>\n<p style=\"padding-left: 30px;\"><i>\u201dNamnge kvinnor och m\u00e4n p\u00e5 samma s\u00e4tt \u2013 alltid med b\u00e5de f\u00f6r- och efternamn f\u00f6rsta g\u00e5ngen, d\u00e4refter med antingen b\u00e5da namnen eller bara f\u00f6rnamn.\u201d<\/i><\/p>\n<p style=\"padding-left: 30px;\"><i>\u201dOm det \u00e4r du sj\u00e4lv som ska fotograferas \u2013 t\u00e4nk p\u00e5 hur du vill uppfattas. \u00c4r du kvinna h\u00e4nder det oftare att du ombeds att \u2019g\u00f6ra n\u00e5got roligt\u2019 eller att fotografen vill arrangera en bild som inte har n\u00e5got med budskapet att g\u00f6ra. \u00c4r du d\u00e4remot man handlar kanske fotografens regi ist\u00e4llet om att f\u00e5 dig att framst\u00e5 som stark, beslutsam eller i en maktposition. St\u00e4ll aldrig upp p\u00e5 n\u00e5got du inte sj\u00e4lv vill.\u201d<\/i><\/p>\n<p><b>Lek inte med maten<br \/>\n<a href=\"https:\/\/sven-ove.nu\/wp-content\/uploads\/2014\/08\/Farfar.jpg\"><img loading=\"lazy\" decoding=\"async\" class=\"alignright size-medium wp-image-9354\" alt=\"Farfar\" src=\"https:\/\/sven-ove.nu\/wp-content\/uploads\/2014\/08\/Farfar-247x300.jpg\" width=\"247\" height=\"300\" srcset=\"https:\/\/sven-ove.nu\/wp-content\/uploads\/2014\/08\/Farfar-247x300.jpg 247w, https:\/\/sven-ove.nu\/wp-content\/uploads\/2014\/08\/Farfar-843x1024.jpg 843w, https:\/\/sven-ove.nu\/wp-content\/uploads\/2014\/08\/Farfar.jpg 1219w\" sizes=\"auto, (max-width: 247px) 100vw, 247px\" \/><\/a><\/b>Mitt eget hatobjekt i genren v\u00e4lmenta men missriktade bilder \u00e4r alla dessa fotografier p\u00e5 b\u00f6nder som st\u00e5r med havre till hakan, l\u00e5ngt ute i \u00e5kern. Vilket budskap har inte en s\u00e5dan bild. Fundera \u00f6ver det. Fundera \u00f6ver vad min farfar bonden sa till mig, n\u00e4r jag sj\u00e4lv sprungit i havre\u00e5kern. <i>\u201dMan leker inte med maten\u201d.<\/i> Farfar hade r\u00e4tt f\u00f6rst\u00e5s och fotograferna fel. B\u00f6nderna med, som g\u00e5r ut och st\u00e4ller sig mitt i maten.<\/p>\n<p>H\u00e4r intill \u00e4r en bra bild p\u00e5 farfar, fotograferad med 1937 \u00e5rs teknik, b\u00e5de hos den kloke fotografen och gode bonden. (Bilden \u00e4r inte ur Schyst!).<\/p>\n<p>Det finns s\u00e5 mycket som g\u00e5r att g\u00f6ra r\u00e4tt eller fel. L\u00e4s Schyst!, jag tror att den f\u00e5r dig att t\u00e4nka. Skriv och s\u00e4g hellre f\u00f6rskoll\u00e4rare \u00e4n dagisfr\u00f6ken, justerare hellre \u00e4n justeringsman, riksdagsledamot hellre \u00e4n riksdagsman.<\/p>\n<p>D\u00e4r, just d\u00e4r, f\u00f6resl\u00e5r skriften att jag ska s\u00e4ga brandsoldat i st\u00e4llet f\u00f6r brandman. Nja, jag har jobbat i den branschen. Milit\u00e4rer vill de inte vara, det kan den h\u00e4r bloggaren intyga. En morgon gjorde jag nyvaken entr\u00e9 p\u00e5 brandstationen vid Rankestrasse i Berlin, d\u00e4r vi v\u00e4nligt nog fick bo gratis inf\u00f6r Berlin Marathon. F\u00f6rst gjorde jag milit\u00e4rt st\u00e4llningssteg inf\u00f6r de tyska brandm\u00e4nnen, sedan h\u00e4vde jag ur mig p\u00e5 b\u00e4sta lumpensvenskan:<\/p>\n<p>&#8211; Soldat Svensson anm\u00e4ler sig!<\/p>\n<p>Det var inte popul\u00e4rt.<\/p>\n<p><b>Hur hinner du som manlig chef?<br \/>\n<\/b>L\u00e4s den h\u00e4r skriften. Fundera \u00f6ver varf\u00f6r &#8211; och om vem &#8211; vi anv\u00e4nder ord och uttryck som \u201dskriva p\u00e5 n\u00e4san\u201d, \u201dpondus\u201d, \u201ds\u00f6t\u201d, \u201dgullig\u201d, \u201dstark\u201d och \u201dmanlig\u201d. Hur ofta f\u00e5r en karl fr\u00e5gorna:<\/p>\n<p>&#8211; Hur upplever dina arbetskamrater det att ha en manlig chef?<br \/>\n&#8211; Hur hinner du som manlig chef ta hand om dina barn?<\/p>\n<p>Ord och bilder spelar roll.<\/p>\n<p style=\"padding-left: 30px; text-align: left;\"><a href=\"https:\/\/sven-ove.nu\/wp-content\/uploads\/2014\/08\/Schyst.jpg\"><img loading=\"lazy\" decoding=\"async\" class=\"size-medium wp-image-9356 alignright\" alt=\"Schyst!\" src=\"https:\/\/sven-ove.nu\/wp-content\/uploads\/2014\/08\/Schyst-300x222.jpg\" width=\"300\" height=\"222\" srcset=\"https:\/\/sven-ove.nu\/wp-content\/uploads\/2014\/08\/Schyst-300x222.jpg 300w, https:\/\/sven-ove.nu\/wp-content\/uploads\/2014\/08\/Schyst-1024x759.jpg 1024w, https:\/\/sven-ove.nu\/wp-content\/uploads\/2014\/08\/Schyst.jpg 1498w\" sizes=\"auto, (max-width: 300px) 100vw, 300px\" \/><\/a><\/p>\n<p style=\"padding-left: 30px; text-align: left;\">FAKTA:<br \/>\n<b>Schyst!<\/b> En inspirationsk\u00e4lla till j\u00e4mlik kommunikation, Region V\u00e4rmland 2014. Text Katarina Aver\u00e5s, bilder \u00d8vind Lund. Best\u00e4ll den som gratis trycksak <a href=\"http:\/\/www.regionvarmland.se\/formular\/schyst-trycksak\">h\u00e4r<\/a> och l\u00e4s hela som pdf <a href=\"http:\/\/www.regionvarmland.se\/sites\/default\/files\/grupper\/www\/jamstalldhet\/schyst_webb.pdf\">h\u00e4r<\/a>.<\/p>\n","protected":false},"excerpt":{"rendered":"<p>L\u00e4ser den lilla skriften Schyst! Den \u00e4r s\u00e5 bra att jag egentligen hade velat citera hela. Vem har inte varit p\u00e5 konferens, d\u00e4r det kommenderats \u201dbenstr\u00e4ckare\u201d? Vem har inte sett inbjudningar till konferenser d\u00e4r det lockats med chokladprovning om m\u00e5lgruppen varit kvinnor och whiskeyprovning om det g\u00e4llt m\u00e4n? Vem har inte sett alla dessa bilder &hellip; <a href=\"https:\/\/sven-ove.nu\/?p=9349\" class=\"more-link\">Forts\u00e4tt l\u00e4sa <span class=\"screen-reader-text\">Alla dessa passiva kvinnor p\u00e5 bild<\/span><\/a><\/p>\n","protected":false},"author":1,"featured_media":0,"comment_status":"open","ping_status":"open","sticky":false,"template":"","format":"standard","meta":{"_crdt_document":"","_monsterinsights_skip_tracking":false,"_monsterinsights_sitenote_active":false,"_monsterinsights_sitenote_note":"","_monsterinsights_sitenote_category":0,"footnotes":""},"categories":[4],"tags":[3,18,14,21,20],"class_list":["post-9349","post","type-post","status-publish","format-standard","hentry","category-skrivande","tag-arbete","tag-lardomar","tag-lasning","tag-ord","tag-rad"],"_links":{"self":[{"href":"https:\/\/sven-ove.nu\/index.php?rest_route=\/wp\/v2\/posts\/9349","targetHints":{"allow":["GET"]}}],"collection":[{"href":"https:\/\/sven-ove.nu\/index.php?rest_route=\/wp\/v2\/posts"}],"about":[{"href":"https:\/\/sven-ove.nu\/index.php?rest_route=\/wp\/v2\/types\/post"}],"author":[{"embeddable":true,"href":"https:\/\/sven-ove.nu\/index.php?rest_route=\/wp\/v2\/users\/1"}],"replies":[{"embeddable":true,"href":"https:\/\/sven-ove.nu\/index.php?rest_route=%2Fwp%2Fv2%2Fcomments&post=9349"}],"version-history":[{"count":9,"href":"https:\/\/sven-ove.nu\/index.php?rest_route=\/wp\/v2\/posts\/9349\/revisions"}],"predecessor-version":[{"id":9363,"href":"https:\/\/sven-ove.nu\/index.php?rest_route=\/wp\/v2\/posts\/9349\/revisions\/9363"}],"wp:attachment":[{"href":"https:\/\/sven-ove.nu\/index.php?rest_route=%2Fwp%2Fv2%2Fmedia&parent=9349"}],"wp:term":[{"taxonomy":"category","embeddable":true,"href":"https:\/\/sven-ove.nu\/index.php?rest_route=%2Fwp%2Fv2%2Fcategories&post=9349"},{"taxonomy":"post_tag","embeddable":true,"href":"https:\/\/sven-ove.nu\/index.php?rest_route=%2Fwp%2Fv2%2Ftags&post=9349"}],"curies":[{"name":"wp","href":"https:\/\/api.w.org\/{rel}","templated":true}]}}