{"id":9364,"date":"2014-08-21T03:00:50","date_gmt":"2014-08-21T02:00:50","guid":{"rendered":"http:\/\/sven-ove.nu\/?p=9364"},"modified":"2014-08-21T11:02:36","modified_gmt":"2014-08-21T10:02:36","slug":"jasa-gick-det-att-ta-ett-annu-dummare-beslut-an-att-gora-olav-thon-till-hedersdoktor","status":"publish","type":"post","link":"https:\/\/sven-ove.nu\/?p=9364","title":{"rendered":"Jas\u00e5, gick det att ta ett \u00e4nnu dummare beslut \u00e4n det att g\u00f6ra Olav Thon till hedersdoktor?"},"content":{"rendered":"<p style=\"text-align: left;\"><a href=\"https:\/\/sven-ove.nu\/wp-content\/uploads\/2014\/08\/Selfie-med-\u00e4gg.jpg\"><img loading=\"lazy\" decoding=\"async\" class=\"alignright size-large wp-image-9366\" alt=\"Selfie med \u00e4gg\" src=\"https:\/\/sven-ove.nu\/wp-content\/uploads\/2014\/08\/Selfie-med-\u00e4gg-1024x640.jpg\" width=\"640\" height=\"400\" srcset=\"https:\/\/sven-ove.nu\/wp-content\/uploads\/2014\/08\/Selfie-med-\u00e4gg-1024x640.jpg 1024w, https:\/\/sven-ove.nu\/wp-content\/uploads\/2014\/08\/Selfie-med-\u00e4gg-300x187.jpg 300w\" sizes=\"auto, (max-width: 640px) 100vw, 640px\" \/><\/a><\/p>\n<p style=\"text-align: center; padding-left: 240px;\"><em>\u00c4gget och en annan.<\/em><\/p>\n<p>Karlstads universitet tar bara in alldeles s\u00e4rskilt \u00f6mt\u00e5liga, politiskt inkompetenta och l\u00e4ttp\u00e5verkade studenter. De \u00e4r s\u00e5 klena till sinnet, varenda en, att ingen av dem b\u00f6r ha r\u00e4tt att r\u00f6sta. Inte en enda en.<\/p>\n<p>Hur skulle det se ut om s\u00e5dana kleningar finge lov att fritt bilda sig en uppfattning om vad politik, partier och \u00e5sikter \u00e4r f\u00f6r n\u00e5got? <i>Uschijanemejen, d\u00e5 skulle d\u00e4 att g\u00e5 ille&#8230;<\/i><\/p>\n<p>Det \u00e4r v\u00e4l s\u00e5 man ska tolka beslutet av rektor \u00c5sa Bergenheim att omedelbart <a href=\"http:\/\/sverigesradio.se\/sida\/artikel.aspx?programid=93&amp;artikel=5942328\" target=\"_blank\">stoppa alla valkampanjer<\/a> och <a href=\"http:\/\/www.nwt.se\/varmland\/article1623075.ece\" target=\"_blank\">politiska informationsmontrar <\/a>p\u00e5 universitetet? F\u00f6r det \u00e4r v\u00e4l \u00e4nd\u00e5 inte universitetsledningen sj\u00e4lv som \u00e4r klen och blygt f\u00f6rs\u00f6ker st\u00e4lla universiteten vid sidan av samh\u00e4llet?<\/p>\n<p><b>Ett korkat beslut fr\u00e5n ett tyst universitet<br \/>\n<\/b>Uppriktigt sagt: ett korkat beslut v\u00e4l i klass med att <a href=\"https:\/\/sven-ove.nu\/?p=6965\">g\u00f6ra norske fremskrittspartisten Olav Thon till hedersdoktor.<\/a><\/p>\n<p>Karlstads universitet har l\u00e4nge varit tyst i samh\u00e4llsdebatten. Nu ser rektor effektivt till att den traditionen f\u00f6rs vidare. Vore jag inte en s\u00e5 sn\u00e4ll och beskedlig typ sj\u00e4lv, s\u00e5 skulle jag kalla var och en i universitetsledningen f\u00f6r samma namn som den mest bekanta samlingslokalen d\u00e4r uppe har f\u00e5tt.<\/p>\n<p>\u00c4gg.<\/p>\n","protected":false},"excerpt":{"rendered":"<p>\u00c4gget och en annan. Karlstads universitet tar bara in alldeles s\u00e4rskilt \u00f6mt\u00e5liga, politiskt inkompetenta och l\u00e4ttp\u00e5verkade studenter. De \u00e4r s\u00e5 klena till sinnet, varenda en, att ingen av dem b\u00f6r ha r\u00e4tt att r\u00f6sta. Inte en enda en. Hur skulle det se ut om s\u00e5dana kleningar finge lov att fritt bilda sig en uppfattning om &hellip; <a href=\"https:\/\/sven-ove.nu\/?p=9364\" class=\"more-link\">Forts\u00e4tt l\u00e4sa <span class=\"screen-reader-text\">Jas\u00e5, gick det att ta ett \u00e4nnu dummare beslut \u00e4n det att g\u00f6ra Olav Thon till hedersdoktor?<\/span><\/a><\/p>\n","protected":false},"author":1,"featured_media":0,"comment_status":"open","ping_status":"open","sticky":false,"template":"","format":"standard","meta":{"_crdt_document":"","_monsterinsights_skip_tracking":false,"_monsterinsights_sitenote_active":false,"_monsterinsights_sitenote_note":"","_monsterinsights_sitenote_category":0,"footnotes":""},"categories":[9],"tags":[16],"class_list":["post-9364","post","type-post","status-publish","format-standard","hentry","category-politik","tag-dumheter"],"_links":{"self":[{"href":"https:\/\/sven-ove.nu\/index.php?rest_route=\/wp\/v2\/posts\/9364","targetHints":{"allow":["GET"]}}],"collection":[{"href":"https:\/\/sven-ove.nu\/index.php?rest_route=\/wp\/v2\/posts"}],"about":[{"href":"https:\/\/sven-ove.nu\/index.php?rest_route=\/wp\/v2\/types\/post"}],"author":[{"embeddable":true,"href":"https:\/\/sven-ove.nu\/index.php?rest_route=\/wp\/v2\/users\/1"}],"replies":[{"embeddable":true,"href":"https:\/\/sven-ove.nu\/index.php?rest_route=%2Fwp%2Fv2%2Fcomments&post=9364"}],"version-history":[{"count":9,"href":"https:\/\/sven-ove.nu\/index.php?rest_route=\/wp\/v2\/posts\/9364\/revisions"}],"predecessor-version":[{"id":9376,"href":"https:\/\/sven-ove.nu\/index.php?rest_route=\/wp\/v2\/posts\/9364\/revisions\/9376"}],"wp:attachment":[{"href":"https:\/\/sven-ove.nu\/index.php?rest_route=%2Fwp%2Fv2%2Fmedia&parent=9364"}],"wp:term":[{"taxonomy":"category","embeddable":true,"href":"https:\/\/sven-ove.nu\/index.php?rest_route=%2Fwp%2Fv2%2Fcategories&post=9364"},{"taxonomy":"post_tag","embeddable":true,"href":"https:\/\/sven-ove.nu\/index.php?rest_route=%2Fwp%2Fv2%2Ftags&post=9364"}],"curies":[{"name":"wp","href":"https:\/\/api.w.org\/{rel}","templated":true}]}}