{"id":9377,"date":"2014-08-22T03:00:29","date_gmt":"2014-08-22T02:00:29","guid":{"rendered":"http:\/\/sven-ove.nu\/?p=9377"},"modified":"2014-08-21T11:25:11","modified_gmt":"2014-08-21T10:25:11","slug":"stall-in-ratt-utomhusklimat","status":"publish","type":"post","link":"https:\/\/sven-ove.nu\/?p=9377","title":{"rendered":"St\u00e4ll in r\u00e4tt utomhusklimat"},"content":{"rendered":"<p>F\u00e5r en v\u00e4ldig lust att citera bloggen fr\u00e5n den 10 december:<\/p>\n<p style=\"padding-left: 30px;\"><i>Landskap<\/i> \u00e4r tid som inte har br\u00e5ttom.<br \/>\n<i>Klimat<\/i> \u00e4r v\u00e4der som har t\u00e4nkt p\u00e5 saken.<br \/>\n<i>K\u00e4rlek<\/i> \u00e4r n\u00e4r varje sinne blir saligt s\u00e5 fort det f\u00e5r chansen.\u2028 Alla sinnen du har.<\/p>\n<p style=\"padding-left: 30px;\">S\u00e5 d\u00e4r forts\u00e4tter det sedan.<br \/>\n<a href=\"https:\/\/sven-ove.nu\/wp-content\/uploads\/2014\/08\/26-juli.jpg\"><img loading=\"lazy\" decoding=\"async\" class=\"alignright size-full wp-image-9379\" alt=\"26 juli\" src=\"https:\/\/sven-ove.nu\/wp-content\/uploads\/2014\/08\/26-juli.jpg\" width=\"334\" height=\"406\" srcset=\"https:\/\/sven-ove.nu\/wp-content\/uploads\/2014\/08\/26-juli.jpg 334w, https:\/\/sven-ove.nu\/wp-content\/uploads\/2014\/08\/26-juli-246x300.jpg 246w\" sizes=\"auto, (max-width: 334px) 100vw, 334px\" \/><\/a><i>Dretv\u00e4\u2019r<\/i> \u00e4r n\u00e4r det regnar fast du tydligt sa ifr\u00e5n.<\/p>\n<p>En del dagar i sommar och sensommar har jag t\u00e4nkt att v\u00e4dret kanske har best\u00e4mt sig nu och blivit klimat.<\/p>\n<p>V\u00e4dret kan vi inte g\u00f6ra mycket \u00e5t men klimatet st\u00e5r p\u00e5 dagordningen, b\u00e5de den 14 september och alla andra dagar. Det kan vi faktiskt p\u00e5verka.<\/p>\n<p>G\u00f6r det.<\/p>\n","protected":false},"excerpt":{"rendered":"<p>F\u00e5r en v\u00e4ldig lust att citera bloggen fr\u00e5n den 10 december: Landskap \u00e4r tid som inte har br\u00e5ttom. Klimat \u00e4r v\u00e4der som har t\u00e4nkt p\u00e5 saken. K\u00e4rlek \u00e4r n\u00e4r varje sinne blir saligt s\u00e5 fort det f\u00e5r chansen.\u2028 Alla sinnen du har. S\u00e5 d\u00e4r forts\u00e4tter det sedan. Dretv\u00e4\u2019r \u00e4r n\u00e4r det regnar fast du tydligt &hellip; <a href=\"https:\/\/sven-ove.nu\/?p=9377\" class=\"more-link\">Forts\u00e4tt l\u00e4sa <span class=\"screen-reader-text\">St\u00e4ll in r\u00e4tt utomhusklimat<\/span><\/a><\/p>\n","protected":false},"author":1,"featured_media":9379,"comment_status":"open","ping_status":"open","sticky":false,"template":"","format":"standard","meta":{"_crdt_document":"","_monsterinsights_skip_tracking":false,"_monsterinsights_sitenote_active":false,"_monsterinsights_sitenote_note":"","_monsterinsights_sitenote_category":0,"footnotes":""},"categories":[6,9],"tags":[24,7,20,17],"class_list":["post-9377","post","type-post","status-publish","format-standard","has-post-thumbnail","hentry","category-natur","category-politik","tag-karlek","tag-miljo","tag-rad","tag-solidaritet"],"_links":{"self":[{"href":"https:\/\/sven-ove.nu\/index.php?rest_route=\/wp\/v2\/posts\/9377","targetHints":{"allow":["GET"]}}],"collection":[{"href":"https:\/\/sven-ove.nu\/index.php?rest_route=\/wp\/v2\/posts"}],"about":[{"href":"https:\/\/sven-ove.nu\/index.php?rest_route=\/wp\/v2\/types\/post"}],"author":[{"embeddable":true,"href":"https:\/\/sven-ove.nu\/index.php?rest_route=\/wp\/v2\/users\/1"}],"replies":[{"embeddable":true,"href":"https:\/\/sven-ove.nu\/index.php?rest_route=%2Fwp%2Fv2%2Fcomments&post=9377"}],"version-history":[{"count":6,"href":"https:\/\/sven-ove.nu\/index.php?rest_route=\/wp\/v2\/posts\/9377\/revisions"}],"predecessor-version":[{"id":9380,"href":"https:\/\/sven-ove.nu\/index.php?rest_route=\/wp\/v2\/posts\/9377\/revisions\/9380"}],"wp:featuredmedia":[{"embeddable":true,"href":"https:\/\/sven-ove.nu\/index.php?rest_route=\/wp\/v2\/media\/9379"}],"wp:attachment":[{"href":"https:\/\/sven-ove.nu\/index.php?rest_route=%2Fwp%2Fv2%2Fmedia&parent=9377"}],"wp:term":[{"taxonomy":"category","embeddable":true,"href":"https:\/\/sven-ove.nu\/index.php?rest_route=%2Fwp%2Fv2%2Fcategories&post=9377"},{"taxonomy":"post_tag","embeddable":true,"href":"https:\/\/sven-ove.nu\/index.php?rest_route=%2Fwp%2Fv2%2Ftags&post=9377"}],"curies":[{"name":"wp","href":"https:\/\/api.w.org\/{rel}","templated":true}]}}