{"id":9394,"date":"2014-08-26T03:00:43","date_gmt":"2014-08-26T02:00:43","guid":{"rendered":"http:\/\/sven-ove.nu\/?p=9394"},"modified":"2014-08-25T20:59:46","modified_gmt":"2014-08-25T19:59:46","slug":"vad-var-det-vi-sa","status":"publish","type":"post","link":"https:\/\/sven-ove.nu\/?p=9394","title":{"rendered":"Vad var det vi sa?"},"content":{"rendered":"<p><a href=\"http:\/\/www.dn.se\/nyheter\/politik\/nar-fnl-blev-en-svensk-folkrorelse\/\" target=\"_blank\"><img loading=\"lazy\" decoding=\"async\" class=\"alignright size-medium wp-image-9397\" alt=\"FNL-m\u00e4rke\" src=\"https:\/\/sven-ove.nu\/wp-content\/uploads\/2014\/08\/FNL-m\u00e4rke-300x255.jpg\" width=\"300\" height=\"255\" srcset=\"https:\/\/sven-ove.nu\/wp-content\/uploads\/2014\/08\/FNL-m\u00e4rke-300x255.jpg 300w, https:\/\/sven-ove.nu\/wp-content\/uploads\/2014\/08\/FNL-m\u00e4rke.jpg 902w\" sizes=\"auto, (max-width: 300px) 100vw, 300px\" \/><\/a>Hur var det den nuvarande rektorn f\u00f6r universitetet i Karlstad och vi andra brukade s\u00e4ga n\u00e4r vi var unga? D\u00e5, n\u00e4r vi demonstrerade mot amerikanernas angreppskrig i Vietnam och f\u00f6r Vietnams folk.<br \/>\n&#8211; Kamp l\u00f6nar sig.<\/p>\n<p>Det g\u00f6r kampen fortfarande ibland, l\u00e4ser jag i l\u00e4nstidningarna. L\u00f6nar sig. Tack f\u00f6r det.\u00a0Nobody puts politics in a corner.<\/p>\n<p style=\"padding-left: 30px;\"><b><i>V\u00e4rmlands Folkblad:<\/i><\/b><i> <a href=\"http:\/\/www.vf.se\/nyheter\/karlstad\/universitetet-andrar-sig-om-partinarvaro\">Universitetet \u00e4ndrar sig om partin\u00e4rvaro<br \/>\n<\/a><\/i><b><i>Nya Wermlands-Tidningen:<\/i><\/b><i> <a href=\"http:\/\/www.nwt.se\/karlstad\/article1626463.ece\">Ja till politiska kampanjer<\/a><\/i><i>\u00a0<\/i><\/p>\n<p style=\"padding-left: 30px;\"><i>Den h\u00e4r bloggen, innan universitetet \u00e4ndrade sig om politiken: <a href=\"https:\/\/sven-ove.nu\/?p=9364\">Jas\u00e5, gick det att ta ett \u00e4nnu dummare beslut \u00e4n det att g\u00f6ra Olav Thon till hedersdoktor?<\/a><\/i><\/p>\n","protected":false},"excerpt":{"rendered":"<p>Hur var det den nuvarande rektorn f\u00f6r universitetet i Karlstad och vi andra brukade s\u00e4ga n\u00e4r vi var unga? D\u00e5, n\u00e4r vi demonstrerade mot amerikanernas angreppskrig i Vietnam och f\u00f6r Vietnams folk. &#8211; Kamp l\u00f6nar sig. Det g\u00f6r kampen fortfarande ibland, l\u00e4ser jag i l\u00e4nstidningarna. L\u00f6nar sig. Tack f\u00f6r det.\u00a0Nobody puts politics in a corner. &hellip; <a href=\"https:\/\/sven-ove.nu\/?p=9394\" class=\"more-link\">Forts\u00e4tt l\u00e4sa <span class=\"screen-reader-text\">Vad var det vi sa?<\/span><\/a><\/p>\n","protected":false},"author":1,"featured_media":0,"comment_status":"open","ping_status":"open","sticky":false,"template":"","format":"standard","meta":{"_crdt_document":"","_monsterinsights_skip_tracking":false,"_monsterinsights_sitenote_active":false,"_monsterinsights_sitenote_note":"","_monsterinsights_sitenote_category":0,"footnotes":""},"categories":[9],"tags":[18,17],"class_list":["post-9394","post","type-post","status-publish","format-standard","hentry","category-politik","tag-lardomar","tag-solidaritet"],"_links":{"self":[{"href":"https:\/\/sven-ove.nu\/index.php?rest_route=\/wp\/v2\/posts\/9394","targetHints":{"allow":["GET"]}}],"collection":[{"href":"https:\/\/sven-ove.nu\/index.php?rest_route=\/wp\/v2\/posts"}],"about":[{"href":"https:\/\/sven-ove.nu\/index.php?rest_route=\/wp\/v2\/types\/post"}],"author":[{"embeddable":true,"href":"https:\/\/sven-ove.nu\/index.php?rest_route=\/wp\/v2\/users\/1"}],"replies":[{"embeddable":true,"href":"https:\/\/sven-ove.nu\/index.php?rest_route=%2Fwp%2Fv2%2Fcomments&post=9394"}],"version-history":[{"count":7,"href":"https:\/\/sven-ove.nu\/index.php?rest_route=\/wp\/v2\/posts\/9394\/revisions"}],"predecessor-version":[{"id":9396,"href":"https:\/\/sven-ove.nu\/index.php?rest_route=\/wp\/v2\/posts\/9394\/revisions\/9396"}],"wp:attachment":[{"href":"https:\/\/sven-ove.nu\/index.php?rest_route=%2Fwp%2Fv2%2Fmedia&parent=9394"}],"wp:term":[{"taxonomy":"category","embeddable":true,"href":"https:\/\/sven-ove.nu\/index.php?rest_route=%2Fwp%2Fv2%2Fcategories&post=9394"},{"taxonomy":"post_tag","embeddable":true,"href":"https:\/\/sven-ove.nu\/index.php?rest_route=%2Fwp%2Fv2%2Ftags&post=9394"}],"curies":[{"name":"wp","href":"https:\/\/api.w.org\/{rel}","templated":true}]}}