{"id":9473,"date":"2014-09-03T03:00:00","date_gmt":"2014-09-03T02:00:00","guid":{"rendered":"http:\/\/sven-ove.nu\/?p=9473"},"modified":"2014-09-02T20:43:30","modified_gmt":"2014-09-02T19:43:30","slug":"barnet-som-inte-fick-komma-in-i-sds-valstuga","status":"publish","type":"post","link":"https:\/\/sven-ove.nu\/?p=9473","title":{"rendered":"Barnet som inte fick komma in i SD:s valstuga"},"content":{"rendered":"<p>F\u00e5r meddelande fr\u00e5n en sl\u00e4kting. En ber\u00e4ttelse jag helst hade velat slippa att h\u00f6ra fr\u00e5n mitt Sverige \u00e5r 2014. S\u00e5 h\u00e4r skriver hon:<\/p>\n<p style=\"padding-left: 30px;\"><i>Hej. Jag vill bara skriva n\u00e5gra ord, vad som h\u00e4nde mina barnbarn i fredags eftersom du ofta skriver om invandrarfientlighet. Mina barnbarn \u00e4r elva \u00e5r och g\u00e5r i skola i (h\u00e4r skriver hon en svensk ort). Gjorde en utflykt till Sergels torg f\u00f6r att bes\u00f6ka valstugorna och ta reda p\u00e5 vad de olika partierna vill.<\/i><\/p>\n<p style=\"padding-left: 30px;\"><i>De blev v\u00e4l mottagna av alla partierna och fick svar p\u00e5 sina fr\u00e5gor, men n\u00e4r de kom till SD:s stuga blev inte NN (hon skriver namnet) insl\u00e4ppt f\u00f6r att han var som en \u00e4ldre kvinna sa: DU \u00c4R INTE SVENSK.<\/i><\/p>\n<p style=\"padding-left: 30px;\"><i>Vad s\u00e4ger Du? Du beh\u00f6ver naturligtvis inte skriva n\u00e5got om detta, tycker bara att jag ville ber\u00e4tta, och du kanske f\u00f6rst\u00e5r att jag blev j\u00e4ttef\u00f6rbannad. Barnens mamma, (hon skriver namnet), s\u00e4ger att det \u00e4r ingen ide att s\u00e4ga n\u00e5got, f\u00f6r ingen lyssnar&#8230; Ha en fortsatt bra sommar.<\/i><\/p>\n<p>D\u00e4r slutar brevet.<\/p>\n<p>Jag \u00f6nskar att hon aldrig hade beh\u00f6vt skriva det. Allt jag tror p\u00e5 och skriver om handlar ytterst om det: Att en dag ingen enda m\u00e4nniska ska beh\u00f6va skriva ett s\u00e5dant brev om sitt barnbarn.<\/p>\n<p>Att inget enda barn ska beh\u00f6va f\u00e5 ett s\u00e5dant svar.<\/p>\n","protected":false},"excerpt":{"rendered":"<p>F\u00e5r meddelande fr\u00e5n en sl\u00e4kting. En ber\u00e4ttelse jag helst hade velat slippa att h\u00f6ra fr\u00e5n mitt Sverige \u00e5r 2014. S\u00e5 h\u00e4r skriver hon: Hej. Jag vill bara skriva n\u00e5gra ord, vad som h\u00e4nde mina barnbarn i fredags eftersom du ofta skriver om invandrarfientlighet. Mina barnbarn \u00e4r elva \u00e5r och g\u00e5r i skola i (h\u00e4r skriver &hellip; <a href=\"https:\/\/sven-ove.nu\/?p=9473\" class=\"more-link\">Forts\u00e4tt l\u00e4sa <span class=\"screen-reader-text\">Barnet som inte fick komma in i SD:s valstuga<\/span><\/a><\/p>\n","protected":false},"author":1,"featured_media":0,"comment_status":"open","ping_status":"open","sticky":false,"template":"","format":"standard","meta":{"_crdt_document":"","_monsterinsights_skip_tracking":false,"_monsterinsights_sitenote_active":false,"_monsterinsights_sitenote_note":"","_monsterinsights_sitenote_category":0,"footnotes":""},"categories":[10,9],"tags":[16,24,18,21,17],"class_list":["post-9473","post","type-post","status-publish","format-standard","hentry","category-familjen","category-politik","tag-dumheter","tag-karlek","tag-lardomar","tag-ord","tag-solidaritet"],"_links":{"self":[{"href":"https:\/\/sven-ove.nu\/index.php?rest_route=\/wp\/v2\/posts\/9473","targetHints":{"allow":["GET"]}}],"collection":[{"href":"https:\/\/sven-ove.nu\/index.php?rest_route=\/wp\/v2\/posts"}],"about":[{"href":"https:\/\/sven-ove.nu\/index.php?rest_route=\/wp\/v2\/types\/post"}],"author":[{"embeddable":true,"href":"https:\/\/sven-ove.nu\/index.php?rest_route=\/wp\/v2\/users\/1"}],"replies":[{"embeddable":true,"href":"https:\/\/sven-ove.nu\/index.php?rest_route=%2Fwp%2Fv2%2Fcomments&post=9473"}],"version-history":[{"count":3,"href":"https:\/\/sven-ove.nu\/index.php?rest_route=\/wp\/v2\/posts\/9473\/revisions"}],"predecessor-version":[{"id":9476,"href":"https:\/\/sven-ove.nu\/index.php?rest_route=\/wp\/v2\/posts\/9473\/revisions\/9476"}],"wp:attachment":[{"href":"https:\/\/sven-ove.nu\/index.php?rest_route=%2Fwp%2Fv2%2Fmedia&parent=9473"}],"wp:term":[{"taxonomy":"category","embeddable":true,"href":"https:\/\/sven-ove.nu\/index.php?rest_route=%2Fwp%2Fv2%2Fcategories&post=9473"},{"taxonomy":"post_tag","embeddable":true,"href":"https:\/\/sven-ove.nu\/index.php?rest_route=%2Fwp%2Fv2%2Ftags&post=9473"}],"curies":[{"name":"wp","href":"https:\/\/api.w.org\/{rel}","templated":true}]}}