{"id":9483,"date":"2014-09-05T03:00:58","date_gmt":"2014-09-05T02:00:58","guid":{"rendered":"http:\/\/sven-ove.nu\/?p=9483"},"modified":"2014-09-07T08:32:06","modified_gmt":"2014-09-07T07:32:06","slug":"nar-charlie-weimers-missade-forlatelsen","status":"publish","type":"post","link":"https:\/\/sven-ove.nu\/?p=9483","title":{"rendered":"N\u00e4r Charlie Weimers missade f\u00f6rl\u00e5telsen"},"content":{"rendered":"<p><a href=\"https:\/\/sven-ove.nu\/wp-content\/uploads\/2014\/09\/M\u00e5ngfaldsdagen.jpg\"><img loading=\"lazy\" decoding=\"async\" class=\"alignright size-full wp-image-9485\" alt=\"M\u00e5ngfaldsdagen\" src=\"https:\/\/sven-ove.nu\/wp-content\/uploads\/2014\/09\/M\u00e5ngfaldsdagen.jpg\" width=\"960\" height=\"960\" srcset=\"https:\/\/sven-ove.nu\/wp-content\/uploads\/2014\/09\/M\u00e5ngfaldsdagen.jpg 960w, https:\/\/sven-ove.nu\/wp-content\/uploads\/2014\/09\/M\u00e5ngfaldsdagen-150x150.jpg 150w, https:\/\/sven-ove.nu\/wp-content\/uploads\/2014\/09\/M\u00e5ngfaldsdagen-300x300.jpg 300w\" sizes=\"auto, (max-width: 960px) 100vw, 960px\" \/><\/a><\/p>\n<p style=\"padding-left: 30px;\"><b><\/b><i>Programmet som inte blev av f\u00f6r att Charlie W missade en lektion i s\u00f6ndagsskolan.<\/i><\/p>\n<p>I Karlstad skulle de ha haft en m\u00e5ngfaldsdag i morgon. R\u00f6da, bl\u00e5 och fi-politiker skulle ha pratat om m\u00e5ngfald och medm\u00e4nsklighet, landsh\u00f6vdingen och en grupp ungdomar ocks\u00e5, artister skulle ha spelat och dansat, i tio timmar skulle den drogfria festen ha p\u00e5g\u00e5tt. Allra sist skulle gruppen <strong>Kartellen<\/strong> ha upptr\u00e4tt.<\/p>\n<p>M\u00e5ngfald \u00e4r en viktig sak, alla dagar. Antirasism \u00e4r en viktig sak, alla dagar. Ibland \u00e4r det klokt att samlas kring detta budskap en hel dag p\u00e5 Sandgrundsudden. Alla m\u00e4nniskor \u00e4r lika mycket v\u00e4rda, m\u00e4nniskov\u00e4rdet \u00e4r ett och odelbart. Ibland b\u00f6r vi s\u00e4ga det till varandra s\u00e5 det h\u00f6rs. Vi beh\u00f6ver h\u00f6ra vackra ord.<\/p>\n<p><b>Detta borde du prova, Charlie<br \/>\n<\/b>Jag vet inte s\u00e5 mycket om Kartellen. Det g\u00f6r d\u00e4remot <strong>Charlie Weimers<\/strong>. Han \u00e4r kristdemokrat och v\u00e4grade l\u00e5ta sitt parti delta om bandet gjorde det. D\u00e5 st\u00e4llde kyrkan in hela arrangemanget.<\/p>\n<p>Sj\u00e4lv g\u00e5r jag till Kartellens facebooksida. Facebook \u00e4r n\u00e5got nytt som har kommit, Charlie Weimers. Du kan skriva s\u00e5dant som du tycker d\u00e4r, s\u00e5 kan andra m\u00e4nniskor se vad du tycker. Eller om du har plockat svamp. Du borde prova det n\u00e5gon g\u00e5ng. Varf\u00f6r inte till och med l\u00e4sa vad andra m\u00e4nniskor skriver? Du kanske har n\u00e5got kvar att l\u00e4ra, fast\u00e4n du \u00e4r en s\u00e5 fin kandidat?<\/p>\n<p>Nu ser jag att <strong>Sebbe Staxx<\/strong> i Kartellen har skrivit sj\u00e4lv p\u00e5 bandets sida p\u00e5 facebook. S\u00e5 h\u00e4r skriver han:<\/p>\n<p style=\"padding-left: 30px;\"><i>Jag f\u00e5r m\u00e5nga fr\u00e5gor ang\u00e5ende hur jag kan s\u00e4ga att jag \u00e4r emot v\u00e5ld p\u00e5 grund av min kriminella historik och inneh\u00e5llet i v\u00e5ra texter. Saken \u00e4r att jag f\u00f6rst\u00e5r era fr\u00e5gor. Sanningen \u00e4r att jag befunnit mig i m\u00f6rkret under m\u00e5nga \u00e5r och att jag varit allt annat \u00e4n en f\u00f6rebild f\u00f6r unga m\u00e4nniskor. Men faktum \u00e4r att jag har m\u00e5nga unga m\u00e4nniskor som faktiskt ser upp till mig. \u2028\u2028<\/i><\/p>\n<p style=\"padding-left: 30px;\"><i>Sommaren 2013 h\u00e4nde n\u00e5gonting som fick mig att inse att Gud verkligen finns och att han \u00e4lskar mig trots allt jag gjort. D\u00e4r b\u00f6rjade en helt ny resa f\u00f6r mig. Jag d\u00f6pte mig och kom efter en tid att bli medlem i Ichtus f\u00f6rsamling i Stockholm. V\u00e4gen \u00e4r inte alltid l\u00e4tt att finna. Men den finns! Jag faller ibland och har syskon i Kristus som hj\u00e4lper mig r\u00e4tt tills jag finner balansen igen. Jag har insett att min plats inte \u00e4r vid politiken i framtiden utan jag ska anv\u00e4nda min erfarenhet av m\u00f6rkret till att f\u00f6rel\u00e4sa f\u00f6r ungdomar och ge unga m\u00e4nniskor som befinner sig d\u00e4r jag varit hopp! \u2028\u2028<\/i><\/p>\n<p style=\"padding-left: 30px;\"><i>Jag f\u00f6rst\u00e5r att alla inte \u00e4r beredda att ge en s\u00e5n m\u00e4nniska som mig en andra chans. Det \u00e4r okej. F\u00f6r Jesus gav mig en andra chans! \u2028\u2028<\/i><\/p>\n<p style=\"padding-left: 30px;\"><i>K\u00e4rlek och frid \u00f6ver er alla!\u2028\u2028<\/i><\/p>\n<p style=\"padding-left: 30px;\"><i>Sebbe<\/i><\/p>\n<p><b>Missade det i s\u00f6ndagsskolan<br \/>\n<\/b>Detta tycker jag \u00e4r vackert skrivet, s\u00e5 ateist jag \u00e4r. Dessutom tror jag p\u00e5 f\u00f6rl\u00e5telse. Det g\u00f6r inte Charlie Weimers. Han missade den lektionen i s\u00f6ndagsskolan.<\/p>\n<p>Synd\u2026 som vi s\u00e4ger p\u00e5 Grossbolstorp.<\/p>\n<p>\u2026 och d\u00e5 har vi \u00e4nd\u00e5 inte sagt ett ord om Charlie Weimers roll en g\u00e5ng i det konservativa n\u00e4tverket Engelbrekt som han var med och bildade. <a href=\"http:\/\/www.svd.se\/nyheter\/inrikes\/toppar-i-kd-vill-stoppa-weimers_418913.svd\">Svenska Dagbladet<\/a> har ber\u00e4ttat om det n\u00e4tverkets interna debatt. D\u00e4r, skrev SvD f\u00f6r ett antal \u00e5r sedan, \u201df\u00f6rsvarar Charlie Weimers sverigedemokraterna. Han skriver att \u2019sverigedemokraternas kritik mot det m\u00e5ngkulturella samh\u00e4llet inneh\u00e5ller en del matnyttigt\u2019, att liberalerna \u2019s\u00f6ker tysta debatten om integrationspolitiken\u2019 och att en kritisk h\u00e5llning mot det m\u00e5ngkulturella samh\u00e4llet inte \u00e4r att vara h\u00f6gerextrem\u201d.<\/p>\n<p><strong>Inte ett ord om det har jag h\u00f6rt fr\u00e5n kandidaten <a href=\"http:\/\/www.aftonbladet.se\/nyheter\/article10567883.ab\" target=\"_blank\">Weimers<\/a> i \u00e5rets valr\u00f6relse. Det \u00e4r skillnad p\u00e5 egna gamla synder och andras. Det \u00e4r skillnad p\u00e5 egen enfald och andras m\u00e5ngfald.<\/strong><\/p>\n<p>Synd\u2026 som vi s\u00e4ger p\u00e5 Grossbolstorp.<br \/>\nSynd att inte Charlie Weimers \u00e4r en l\u00e4sare.<\/p>\n<p style=\"padding-left: 30px;\"><em>PS. I sista stund, precis n\u00e4r jag \u00e4r klar med det h\u00e4r inl\u00e4gget n\u00e5s jag av ett gl\u00e4djande besked. Det finns andra som inte \u00e4r lika okristliga som Charlie Weimers och hans kristdemokrater. Dagen blir trots allt av, ABF tar \u00f6ver. M\u00e5ngfalden vann \u00f6ver enfalden. Hurra! DS.<\/em><\/p>\n<p style=\"padding-left: 30px;\"><a href=\"https:\/\/sven-ove.nu\/wp-content\/uploads\/2014\/09\/M\u00e5ngfalden-vann.jpg\"><img loading=\"lazy\" decoding=\"async\" class=\"size-full wp-image-9495 alignleft\" alt=\"M\u00e5ngfalden vann\" src=\"https:\/\/sven-ove.nu\/wp-content\/uploads\/2014\/09\/M\u00e5ngfalden-vann.jpg\" width=\"511\" height=\"315\" srcset=\"https:\/\/sven-ove.nu\/wp-content\/uploads\/2014\/09\/M\u00e5ngfalden-vann.jpg 511w, https:\/\/sven-ove.nu\/wp-content\/uploads\/2014\/09\/M\u00e5ngfalden-vann-300x184.jpg 300w\" sizes=\"auto, (max-width: 511px) 100vw, 511px\" \/><\/a><\/p>\n<p>&nbsp;<\/p>\n<p>&nbsp;<\/p>\n<p>&nbsp;<\/p>\n<p>&nbsp;<\/p>\n<p>&nbsp;<\/p>\n<p>&nbsp;<\/p>\n<p>&nbsp;<\/p>\n<p>&nbsp;<\/p>\n<p><strong>V\u00e4rmlands Folkblad 6 sept 2014:<br \/>\n<\/strong><a href=\"http:\/\/www.vf.se\/nyheter\/karlstad\/manga-slot-upp-mangfalden\" target=\"_blank\"><strong>M\u00e5nga sl\u00f6t upp f\u00f6r m\u00e5ngfalden<\/strong><\/a><\/p>\n<p><em>&#8221;M\u00e5ngfaldsdagen var en lugn historia fram tills dess att Kartellen \u00e4ntrade scenen p\u00e5 l\u00f6rdagskv\u00e4llen.\u00a0<\/em><br \/>\n<em>\u2013 Charlie Weimers har r\u00e4tt till en andra chans trots sin nazistiska historik, s\u00e5 samma borde g\u00e4lla mig. Och vi har tagit avst\u00e5nd fr\u00e5n politiskt v\u00e5ld, s\u00e4ger f\u00f6rgrundsgestalten Sebbe Staxx till VF.&#8221;<\/em><\/p>\n","protected":false},"excerpt":{"rendered":"<p>Programmet som inte blev av f\u00f6r att Charlie W missade en lektion i s\u00f6ndagsskolan. I Karlstad skulle de ha haft en m\u00e5ngfaldsdag i morgon. R\u00f6da, bl\u00e5 och fi-politiker skulle ha pratat om m\u00e5ngfald och medm\u00e4nsklighet, landsh\u00f6vdingen och en grupp ungdomar ocks\u00e5, artister skulle ha spelat och dansat, i tio timmar skulle den drogfria festen ha &hellip; <a href=\"https:\/\/sven-ove.nu\/?p=9483\" class=\"more-link\">Forts\u00e4tt l\u00e4sa <span class=\"screen-reader-text\">N\u00e4r Charlie Weimers missade f\u00f6rl\u00e5telsen<\/span><\/a><\/p>\n","protected":false},"author":1,"featured_media":0,"comment_status":"open","ping_status":"open","sticky":false,"template":"","format":"standard","meta":{"_crdt_document":"","_monsterinsights_skip_tracking":false,"_monsterinsights_sitenote_active":false,"_monsterinsights_sitenote_note":"","_monsterinsights_sitenote_category":0,"footnotes":""},"categories":[9,4],"tags":[16,24,20],"class_list":["post-9483","post","type-post","status-publish","format-standard","hentry","category-politik","category-skrivande","tag-dumheter","tag-karlek","tag-rad"],"_links":{"self":[{"href":"https:\/\/sven-ove.nu\/index.php?rest_route=\/wp\/v2\/posts\/9483","targetHints":{"allow":["GET"]}}],"collection":[{"href":"https:\/\/sven-ove.nu\/index.php?rest_route=\/wp\/v2\/posts"}],"about":[{"href":"https:\/\/sven-ove.nu\/index.php?rest_route=\/wp\/v2\/types\/post"}],"author":[{"embeddable":true,"href":"https:\/\/sven-ove.nu\/index.php?rest_route=\/wp\/v2\/users\/1"}],"replies":[{"embeddable":true,"href":"https:\/\/sven-ove.nu\/index.php?rest_route=%2Fwp%2Fv2%2Fcomments&post=9483"}],"version-history":[{"count":15,"href":"https:\/\/sven-ove.nu\/index.php?rest_route=\/wp\/v2\/posts\/9483\/revisions"}],"predecessor-version":[{"id":9506,"href":"https:\/\/sven-ove.nu\/index.php?rest_route=\/wp\/v2\/posts\/9483\/revisions\/9506"}],"wp:attachment":[{"href":"https:\/\/sven-ove.nu\/index.php?rest_route=%2Fwp%2Fv2%2Fmedia&parent=9483"}],"wp:term":[{"taxonomy":"category","embeddable":true,"href":"https:\/\/sven-ove.nu\/index.php?rest_route=%2Fwp%2Fv2%2Fcategories&post=9483"},{"taxonomy":"post_tag","embeddable":true,"href":"https:\/\/sven-ove.nu\/index.php?rest_route=%2Fwp%2Fv2%2Ftags&post=9483"}],"curies":[{"name":"wp","href":"https:\/\/api.w.org\/{rel}","templated":true}]}}