{"id":9498,"date":"2014-09-06T03:00:13","date_gmt":"2014-09-06T02:00:13","guid":{"rendered":"http:\/\/sven-ove.nu\/?p=9498"},"modified":"2014-09-05T12:59:15","modified_gmt":"2014-09-05T11:59:15","slug":"min-litterara-valkompass","status":"publish","type":"post","link":"https:\/\/sven-ove.nu\/?p=9498","title":{"rendered":"Min litter\u00e4ra valkompass"},"content":{"rendered":"<p><a href=\"https:\/\/sven-ove.nu\/wp-content\/uploads\/2014\/09\/Litter\u00e4ra.jpg\"><img loading=\"lazy\" decoding=\"async\" class=\"alignright size-large wp-image-9500\" alt=\"Litter\u00e4ra\" src=\"https:\/\/sven-ove.nu\/wp-content\/uploads\/2014\/09\/Litter\u00e4ra-1024x925.jpg\" width=\"640\" height=\"578\" srcset=\"https:\/\/sven-ove.nu\/wp-content\/uploads\/2014\/09\/Litter\u00e4ra-1024x925.jpg 1024w, https:\/\/sven-ove.nu\/wp-content\/uploads\/2014\/09\/Litter\u00e4ra-300x271.jpg 300w, https:\/\/sven-ove.nu\/wp-content\/uploads\/2014\/09\/Litter\u00e4ra.jpg 1341w\" sizes=\"auto, (max-width: 640px) 100vw, 640px\" \/><\/a><\/p>\n<p>Snart \u00e4r det val och jag f\u00f6rs\u00f6ker t\u00e4nka mig v\u00e5ra vanligare partiledare som figurer i b\u00f6ckerna jag har. Det f\u00e5r bli mitt alternativ till alla dessa <a href=\"http:\/\/www.svt.se\/nyheter\/val2014\/guide\/kompass\/svt\/\" target=\"_blank\">valkompasser<\/a> p\u00e5 n\u00e4tet.<\/p>\n<p><b>Alliansens sorgliga figurer<br \/>\n<\/b>Fredrik Reinfeldt ser ut som Alfons \u00c5berg. Fast helst vill han att vi ska tycka att han ser ut som <b>Alfons pappa<\/b>, eftersom pappan liknar Tage Erlander. Reinfeldt vill bli landsfader men den l\u00e4tte g\u00e5r vi inte p\u00e5. Pappan somnar ju p\u00e5 golvet s\u00e5 fort han ska l\u00e4gga Alfons, s\u00e5dana tr\u00f6tta politiker \u00e4r ingenting f\u00f6r oss.<\/p>\n<p>G\u00f6ran H\u00e4gglund \u00e4r <b>Kejsarn av Portugallien<\/b>. En rolig gubbe och sn\u00e4ll v\u00e4rml\u00e4nning, det \u00e4r aldrig fel, men ingen skulle n\u00e5gonsin komma p\u00e5 tanken att g\u00f6ra honom till h\u00e4rskare p\u00e5 riktigt. Kejsarns familjepolitik gick heller inte s\u00e5 bra. Det blev lite galet. Ett v\u00e5rdnadsbidrag r\u00e4cker inte s\u00e5 l\u00e5ngt.<\/p>\n<p>Majoren, vad heter han nu, folkpartiledaren, han \u00e4r <b>grannen i Beck<\/b>. Rej\u00e4lt stel i nacken, dyker upp n\u00e4r du minst vill det, har svar p\u00e5 allt men f\u00e5r inget vettigt gjort. St\u00e4ll ut\u2019en p\u00e5 balkongen igen.<\/p>\n<p>Annie L\u00f6\u00f6f ser ut som Pippi L\u00e5ngstrump men beter sig som <b>Lotta p\u00e5 Br\u00e5kmakargatan<\/b>. Du vet, hon som st\u00e4llde sig mitt i g\u00f6dselstacken i h\u00e4llande regn och trodde att hon skulle v\u00e4xa av det. Inte v\u00e4xte hon.<\/p>\n<p>D\u00e4r har du alliansen. Inget sj\u00e4lvklart val, n\u00e5gon av dem. B\u00f6ckerna \u00e4r b\u00e4ttre.<\/p>\n<p><b>H\u00e4r sl\u00e5r det gnistor<br \/>\n<\/b>Gudrun Schyman \u00e4r <b>majorskan<\/b> i G\u00f6sta Berlings saga. L\u00e4t hon inte kavaljererna f\u00f6rst\u00f6ra en hel f\u00f6rm\u00f6genhet, kanske? Ibland \u00e4r det inte bara i fickorna pengarna brinner. Fast rapp i k\u00e4ften \u00e4r hon och en stark kvinna, det beh\u00f6ver vi m\u00e5nga.<\/p>\n<p>Jonas Sj\u00f6stedt \u00e4r <b>trubaduren<\/b> i Asterix-serien. En trevlig karl, omtyckt av alla, bara han inte sjunger. S\u00e5 fort han f\u00f6rs\u00f6ker sjunga ut \u00e4r alla de andra d\u00e4r och s\u00e4tter munkavle p\u00e5 honom, binder fast honom i ett tr\u00e4d och vill inte vara n\u00e4ra honom. Beh\u00f6ver inte svensk politik n\u00e5gon som v\u00e5gar sjunga ut?<\/p>\n<p>Milj\u00f6partigossen, han \u00e4r <b>Kevenh\u00fcller<\/b> i G\u00f6sta Berlings saga. Den geniale uppfinnaren s\u00f6derifr\u00e5n som fick sin g\u00e5va av skogsfrun f\u00f6r att han var artig och inte l\u00e5tsades se hennes r\u00e4vsvans n\u00e4r de tv\u00e5 m\u00f6ttes p\u00e5 Karlstads torg. <i>&#8211; M\u00e4rk det, Kevenh\u00fcller, sade hon, h\u00e4danefter ska du med dina tv\u00e5 h\u00e4nder kunna utf\u00f6ra vilket konstverk du vill, men blott ett av varje slag.<\/i><\/p>\n<p>Det \u00e4r d\u00e4rf\u00f6r hans partiv\u00e4nner m\u00e5ste byta samarbetspartners hela tiden i V\u00e4rmlands kommuner. De kan bara samarbeta en g\u00e5ng.<\/p>\n<p>Stefan L\u00f6fven, till sist, han \u00e4r\u2026 ja, fundera p\u00e5 det du. Jag tar tacksamt emot f\u00f6rslag, bara du skickar med en motivering. Tamg\u00e5sen<b> M\u00e5rten<\/b> i Nils Holgerssons underbara resa genom Sverige? Kan inte flyga, men flyger \u00e4nd\u00e5. <b>St\u00e5lmannen<\/b>? K\u00e4nslig bara f\u00f6r k\u00e4rnkr\u2026 f\u00f6rl\u00e5t, kryptonit. <b>Obelix? <\/b>Storstarken som kan f\u00e5nga vildsvin och sl\u00e5 in spik med sina bara h\u00e4nder?<\/p>\n<p>D\u00e4r har du bloggens valkompass. T\u00e4nk efter ordentligt innan du g\u00f6r ditt val, ta den karakt\u00e4r som k\u00e4nns mest r\u00e4tt f\u00f6r dig. Kom bara ih\u00e5g en sak. Du f\u00e5r betala dyrt i fyra \u00e5r sedan, om du st\u00e5r d\u00e4r med fel figur i n\u00e4ven den 14 september.<\/p>\n<p>St\u00e5 aldrig med fel figur i n\u00e4ven.<\/p>\n","protected":false},"excerpt":{"rendered":"<p>Snart \u00e4r det val och jag f\u00f6rs\u00f6ker t\u00e4nka mig v\u00e5ra vanligare partiledare som figurer i b\u00f6ckerna jag har. Det f\u00e5r bli mitt alternativ till alla dessa valkompasser p\u00e5 n\u00e4tet. Alliansens sorgliga figurer Fredrik Reinfeldt ser ut som Alfons \u00c5berg. Fast helst vill han att vi ska tycka att han ser ut som Alfons pappa, eftersom &hellip; <a href=\"https:\/\/sven-ove.nu\/?p=9498\" class=\"more-link\">Forts\u00e4tt l\u00e4sa <span class=\"screen-reader-text\">Min litter\u00e4ra valkompass<\/span><\/a><\/p>\n","protected":false},"author":1,"featured_media":0,"comment_status":"open","ping_status":"open","sticky":false,"template":"","format":"standard","meta":{"_crdt_document":"","_monsterinsights_skip_tracking":false,"_monsterinsights_sitenote_active":false,"_monsterinsights_sitenote_note":"","_monsterinsights_sitenote_category":0,"footnotes":""},"categories":[9],"tags":[18,20],"class_list":["post-9498","post","type-post","status-publish","format-standard","hentry","category-politik","tag-lardomar","tag-rad"],"_links":{"self":[{"href":"https:\/\/sven-ove.nu\/index.php?rest_route=\/wp\/v2\/posts\/9498","targetHints":{"allow":["GET"]}}],"collection":[{"href":"https:\/\/sven-ove.nu\/index.php?rest_route=\/wp\/v2\/posts"}],"about":[{"href":"https:\/\/sven-ove.nu\/index.php?rest_route=\/wp\/v2\/types\/post"}],"author":[{"embeddable":true,"href":"https:\/\/sven-ove.nu\/index.php?rest_route=\/wp\/v2\/users\/1"}],"replies":[{"embeddable":true,"href":"https:\/\/sven-ove.nu\/index.php?rest_route=%2Fwp%2Fv2%2Fcomments&post=9498"}],"version-history":[{"count":3,"href":"https:\/\/sven-ove.nu\/index.php?rest_route=\/wp\/v2\/posts\/9498\/revisions"}],"predecessor-version":[{"id":9502,"href":"https:\/\/sven-ove.nu\/index.php?rest_route=\/wp\/v2\/posts\/9498\/revisions\/9502"}],"wp:attachment":[{"href":"https:\/\/sven-ove.nu\/index.php?rest_route=%2Fwp%2Fv2%2Fmedia&parent=9498"}],"wp:term":[{"taxonomy":"category","embeddable":true,"href":"https:\/\/sven-ove.nu\/index.php?rest_route=%2Fwp%2Fv2%2Fcategories&post=9498"},{"taxonomy":"post_tag","embeddable":true,"href":"https:\/\/sven-ove.nu\/index.php?rest_route=%2Fwp%2Fv2%2Ftags&post=9498"}],"curies":[{"name":"wp","href":"https:\/\/api.w.org\/{rel}","templated":true}]}}