{"id":9516,"date":"2014-09-10T03:00:54","date_gmt":"2014-09-10T02:00:54","guid":{"rendered":"http:\/\/sven-ove.nu\/?p=9516"},"modified":"2014-09-09T17:23:46","modified_gmt":"2014-09-09T16:23:46","slug":"kan-det-vara-sa-jakligt","status":"publish","type":"post","link":"https:\/\/sven-ove.nu\/?p=9516","title":{"rendered":"Kan det vara s\u00e5 j\u00e4kligt?"},"content":{"rendered":"<p><a href=\"http:\/\/www.dn.se\/valet-2014\/unik-karta-sa-har-sverige-rostat-de-senaste-40-aren\/\" target=\"_blank\"><img loading=\"lazy\" decoding=\"async\" class=\"alignright size-medium wp-image-9518\" alt=\"Valkartan\" src=\"https:\/\/sven-ove.nu\/wp-content\/uploads\/2014\/09\/Valkartan-118x300.jpg\" width=\"118\" height=\"300\" srcset=\"https:\/\/sven-ove.nu\/wp-content\/uploads\/2014\/09\/Valkartan-118x300.jpg 118w, https:\/\/sven-ove.nu\/wp-content\/uploads\/2014\/09\/Valkartan.jpg 194w\" sizes=\"auto, (max-width: 118px) 100vw, 118px\" \/><\/a>\u201dVi n\u00e5dde inte ut med v\u00e5r politik\u201d. P\u00e5 s\u00f6ndag kv\u00e4ll och m\u00e5ndag morgon kommer vi att f\u00e5 h\u00f6ra de orden igen.<\/p>\n<p>D\u00e5 kommer jag, som alltid, att t\u00e4nka p\u00e5 den kloka kvinna som svarade:\u00a0\u201dDet kan ha varit f\u00f6r att dom n\u00e5dde ut, ocks\u00e5\u2026\u201d<\/p>\n<p>Sedan kommer jag att t\u00e4nka p\u00e5 det parti, som bara brukade skicka fram sin kloke partisekreterare i tv en enda g\u00e5ng. P\u00e5 valnatten. Aldrig annars. \u201dDet ser du v\u00e4l varf\u00f6r\u201d brukade min v\u00e4n Telefon\u00f6ren s\u00e4ga.<\/p>\n<p style=\"padding-left: 30px;\"><i>H\u00e4r \u00e4r en dynamisk\u00a0<a href=\"http:\/\/www.dn.se\/valet-2014\/unik-karta-sa-har-sverige-rostat-de-senaste-40-aren\/\">karta i Dagens Nyheter<\/a>, \u00f6ver hur folk r\u00f6stat i riksdagsvalet de senaste 40 \u00e5ren. Kommun f\u00f6r kommun, val f\u00f6r val.<\/i><i>\u00a0Klicka och f\u00f6lj vad som h\u00e4nder.<\/i><\/p>\n<p style=\"padding-left: 30px;\"><i>Ibland r\u00f6r det sig i folkdjupet.<\/i><\/p>\n","protected":false},"excerpt":{"rendered":"<p>\u201dVi n\u00e5dde inte ut med v\u00e5r politik\u201d. P\u00e5 s\u00f6ndag kv\u00e4ll och m\u00e5ndag morgon kommer vi att f\u00e5 h\u00f6ra de orden igen. D\u00e5 kommer jag, som alltid, att t\u00e4nka p\u00e5 den kloka kvinna som svarade:\u00a0\u201dDet kan ha varit f\u00f6r att dom n\u00e5dde ut, ocks\u00e5\u2026\u201d Sedan kommer jag att t\u00e4nka p\u00e5 det parti, som bara brukade skicka &hellip; <a href=\"https:\/\/sven-ove.nu\/?p=9516\" class=\"more-link\">Forts\u00e4tt l\u00e4sa <span class=\"screen-reader-text\">Kan det vara s\u00e5 j\u00e4kligt?<\/span><\/a><\/p>\n","protected":false},"author":1,"featured_media":0,"comment_status":"open","ping_status":"open","sticky":false,"template":"","format":"standard","meta":{"_crdt_document":"","_monsterinsights_skip_tracking":false,"_monsterinsights_sitenote_active":false,"_monsterinsights_sitenote_note":"","_monsterinsights_sitenote_category":0,"footnotes":""},"categories":[9],"tags":[8,25,18,15],"class_list":["post-9516","post","type-post","status-publish","format-standard","hentry","category-politik","tag-historia","tag-kartan","tag-lardomar","tag-mediedjungeln"],"_links":{"self":[{"href":"https:\/\/sven-ove.nu\/index.php?rest_route=\/wp\/v2\/posts\/9516","targetHints":{"allow":["GET"]}}],"collection":[{"href":"https:\/\/sven-ove.nu\/index.php?rest_route=\/wp\/v2\/posts"}],"about":[{"href":"https:\/\/sven-ove.nu\/index.php?rest_route=\/wp\/v2\/types\/post"}],"author":[{"embeddable":true,"href":"https:\/\/sven-ove.nu\/index.php?rest_route=\/wp\/v2\/users\/1"}],"replies":[{"embeddable":true,"href":"https:\/\/sven-ove.nu\/index.php?rest_route=%2Fwp%2Fv2%2Fcomments&post=9516"}],"version-history":[{"count":5,"href":"https:\/\/sven-ove.nu\/index.php?rest_route=\/wp\/v2\/posts\/9516\/revisions"}],"predecessor-version":[{"id":9542,"href":"https:\/\/sven-ove.nu\/index.php?rest_route=\/wp\/v2\/posts\/9516\/revisions\/9542"}],"wp:attachment":[{"href":"https:\/\/sven-ove.nu\/index.php?rest_route=%2Fwp%2Fv2%2Fmedia&parent=9516"}],"wp:term":[{"taxonomy":"category","embeddable":true,"href":"https:\/\/sven-ove.nu\/index.php?rest_route=%2Fwp%2Fv2%2Fcategories&post=9516"},{"taxonomy":"post_tag","embeddable":true,"href":"https:\/\/sven-ove.nu\/index.php?rest_route=%2Fwp%2Fv2%2Ftags&post=9516"}],"curies":[{"name":"wp","href":"https:\/\/api.w.org\/{rel}","templated":true}]}}