{"id":9529,"date":"2014-09-13T03:00:29","date_gmt":"2014-09-13T02:00:29","guid":{"rendered":"http:\/\/sven-ove.nu\/?p=9529"},"modified":"2014-09-13T09:01:18","modified_gmt":"2014-09-13T08:01:18","slug":"val-i-jobbknyckaravdragens-land","status":"publish","type":"post","link":"https:\/\/sven-ove.nu\/?p=9529","title":{"rendered":"Val i jobbknyckaravdragens land"},"content":{"rendered":"<p><a href=\"https:\/\/sven-ove.nu\/wp-content\/uploads\/2014\/09\/Tjur.jpg\"><img loading=\"lazy\" decoding=\"async\" class=\"alignright size-large wp-image-9532\" alt=\"Tjur\" src=\"https:\/\/sven-ove.nu\/wp-content\/uploads\/2014\/09\/Tjur-1024x615.jpg\" width=\"640\" height=\"384\" srcset=\"https:\/\/sven-ove.nu\/wp-content\/uploads\/2014\/09\/Tjur-1024x615.jpg 1024w, https:\/\/sven-ove.nu\/wp-content\/uploads\/2014\/09\/Tjur-300x180.jpg 300w, https:\/\/sven-ove.nu\/wp-content\/uploads\/2014\/09\/Tjur.jpg 1632w\" sizes=\"auto, (max-width: 640px) 100vw, 640px\" \/><\/a><\/p>\n<p>Det h\u00e4r \u00e4r en h\u00e4lsning till alla som \u00e4r som jag. Ni andra kan titta p\u00e5 bilden. Den \u00e4r \u2013 ett kort. Fundera \u00f6ver k\u00f6net p\u00e5 kreaturen eller n\u00e5\u2019t.<\/p>\n<p style=\"padding-left: 30px;\"><strong>Jo, vi andra. Nu \u00e4r det s\u00e5h\u00e4r. Vi vill inte ha det som vi har haft det sedan 2006.\u00a0 Folk som g\u00e5r p\u00e5 en a-kassa som inte r\u00e4cker till. Folk som g\u00e5r p\u00e5 en sjukkassa som inte r\u00e4cker till. Folk som f\u00f6rs\u00f6ker f\u00e5 jobb som inte r\u00e4cker till. Folk som f\u00f6rs\u00f6ker\u2026 ja, ni vet. V\u00e4lf\u00e4rden r\u00e4cker inte till, f\u00f6r pengarna har v\u00e4lavl\u00f6nat folk f\u00e5tt i jobbknyckaravdrag. Vanligt folk har inget v\u00e4rde l\u00e4ngre, bara Entrepren\u00f6rerna, Riskkapitalisterna och De H\u00f6gavl\u00f6nade och alla andra gynnade grupper med stor bokstav. De \u00e4r inte m\u00e5nga men orden \u00e4r stora. <a href=\"http:\/\/www.svt.se\/nyheter\/sverige\/reinfeldts-skattesankningar-140-miljarder-kronor\" target=\"_blank\">140 miljarder om \u00e5ret<\/a> \u00e4r mycket pengar.<\/strong><\/p>\n<p>S\u00e5h\u00e4r g\u00f6r vi. Vi f\u00e5r koncentrera oss. Kalla det enhetsfront eller taktikr\u00f6stning eller vad du vill, men nu m\u00e5ste vi se till att r\u00f6sta klokt. Vi som kallar oss v\u00e4nster m\u00e5ste anv\u00e4nda valsedlar som vi vet g\u00f6r nytta. V\u00e4nster? Ja absolut. Gudarna ska veta att den etiketten brukar s\u00e4ttas p\u00e5 allt m\u00f6jligt l\u00f6st folk, v\u00e4rre tokstollar \u00e4n den h\u00e4r demokraten, men i alla fall:<\/p>\n<p style=\"padding-left: 30px;\">Vi kan r\u00e4kna bort alliansen. Jag k\u00e4nner folk d\u00e4r som jag gillar, men deras politik g\u00f6r oss alla till f\u00f6rlorare.<\/p>\n<p style=\"padding-left: 30px;\">Vi kan r\u00e4kna bort Milj\u00f6partiet. Jag k\u00e4nner folk d\u00e4r som jag gillar, v\u00e4ldigt m\u00e5nga milj\u00f6partister (vem \u00e4r inte milj\u00f6v\u00e4n), men problemet med det partiet \u00e4r att vi aldrig vet vilket block det t\u00e4nker v\u00e4lja, \u00e5tminstone lokalt i kommunerna och landstingen. MP g\u00e5r bort.<\/p>\n<p style=\"padding-left: 30px;\">Vi kan r\u00e4kna bort Feministiskt initiativ. Jag gillar Gudrun Schymans f\u00f6rm\u00e5ga att kommunicera, hon \u00e4r en av de b\u00e4ttre agitatorerna i landet, men den som br\u00e4nner pengar f\u00e5r aldrig min r\u00f6st. Man trampar inte i maten. Vem \u00e4r inte feminist? s\u00e4ger du. Visst, men r\u00f6sta inte p\u00e5 dem i alla fall. Inte nu. EU-valet var en sak, kul att Fi gick bra, men h\u00e4r handlar det om svenska folkets framtid de n\u00e4rmaste fyra \u00e5ren. R\u00f6sta inte p\u00e5 Fi, det \u00e4r en bortkastad r\u00f6st. De kommer inte in och d\u00e4rf\u00f6r g\u00f6r din bortsl\u00e4ngda r\u00f6st att alliansen kan vinna igen. D\u00e5 vet vi hur det blir. Folk som g\u00e5r p\u00e5 a-kassa som inte r\u00e4cker till. Folk som\u2026<\/p>\n<p>Tv\u00e5 partier f\u00e5r jag kvar p\u00e5 min lista. V\u00e4lj sj\u00e4lv, jag kommer att r\u00f6sta r\u00f6tt.<br \/>\nFr\u00e4mlingsfientlig \u00e4r jag inte.<\/p>\n<p>Jag tror p\u00e5 solidaritet.<\/p>\n","protected":false},"excerpt":{"rendered":"<p>Det h\u00e4r \u00e4r en h\u00e4lsning till alla som \u00e4r som jag. Ni andra kan titta p\u00e5 bilden. Den \u00e4r \u2013 ett kort. Fundera \u00f6ver k\u00f6net p\u00e5 kreaturen eller n\u00e5\u2019t. Jo, vi andra. Nu \u00e4r det s\u00e5h\u00e4r. Vi vill inte ha det som vi har haft det sedan 2006.\u00a0 Folk som g\u00e5r p\u00e5 en a-kassa som &hellip; <a href=\"https:\/\/sven-ove.nu\/?p=9529\" class=\"more-link\">Forts\u00e4tt l\u00e4sa <span class=\"screen-reader-text\">Val i jobbknyckaravdragens land<\/span><\/a><\/p>\n","protected":false},"author":1,"featured_media":0,"comment_status":"open","ping_status":"open","sticky":false,"template":"","format":"standard","meta":{"_crdt_document":"","_monsterinsights_skip_tracking":false,"_monsterinsights_sitenote_active":false,"_monsterinsights_sitenote_note":"","_monsterinsights_sitenote_category":0,"footnotes":""},"categories":[9],"tags":[24,18,20,17],"class_list":["post-9529","post","type-post","status-publish","format-standard","hentry","category-politik","tag-karlek","tag-lardomar","tag-rad","tag-solidaritet"],"_links":{"self":[{"href":"https:\/\/sven-ove.nu\/index.php?rest_route=\/wp\/v2\/posts\/9529","targetHints":{"allow":["GET"]}}],"collection":[{"href":"https:\/\/sven-ove.nu\/index.php?rest_route=\/wp\/v2\/posts"}],"about":[{"href":"https:\/\/sven-ove.nu\/index.php?rest_route=\/wp\/v2\/types\/post"}],"author":[{"embeddable":true,"href":"https:\/\/sven-ove.nu\/index.php?rest_route=\/wp\/v2\/users\/1"}],"replies":[{"embeddable":true,"href":"https:\/\/sven-ove.nu\/index.php?rest_route=%2Fwp%2Fv2%2Fcomments&post=9529"}],"version-history":[{"count":8,"href":"https:\/\/sven-ove.nu\/index.php?rest_route=\/wp\/v2\/posts\/9529\/revisions"}],"predecessor-version":[{"id":9559,"href":"https:\/\/sven-ove.nu\/index.php?rest_route=\/wp\/v2\/posts\/9529\/revisions\/9559"}],"wp:attachment":[{"href":"https:\/\/sven-ove.nu\/index.php?rest_route=%2Fwp%2Fv2%2Fmedia&parent=9529"}],"wp:term":[{"taxonomy":"category","embeddable":true,"href":"https:\/\/sven-ove.nu\/index.php?rest_route=%2Fwp%2Fv2%2Fcategories&post=9529"},{"taxonomy":"post_tag","embeddable":true,"href":"https:\/\/sven-ove.nu\/index.php?rest_route=%2Fwp%2Fv2%2Ftags&post=9529"}],"curies":[{"name":"wp","href":"https:\/\/api.w.org\/{rel}","templated":true}]}}