{"id":9563,"date":"2014-09-15T03:00:38","date_gmt":"2014-09-15T02:00:38","guid":{"rendered":"http:\/\/sven-ove.nu\/?p=9563"},"modified":"2014-11-18T23:48:58","modified_gmt":"2014-11-18T22:48:58","slug":"egohogerns-ekonomiska-system","status":"publish","type":"post","link":"https:\/\/sven-ove.nu\/?p=9563","title":{"rendered":"Egoh\u00f6gerns ekonomiska system"},"content":{"rendered":"<p>I natt satt jag uppe l\u00e4nge framf\u00f6r tv:n. Det var vi fler som gjorde. H\u00e4r \u00e4r en dikt av min v\u00e4n Viktor Root, hans beskrivning av den egoh\u00f6ger som styrde Sverige nyss men inte l\u00e4ngre, verkar det. Hur det g\u00e5r nu vet jag inte, men det finns sannerligen hopp. Vi vann ju.\u00a0G\u00f4tt. Filosofin fr\u00e5n dikten \u00e4r vi tr\u00f6tta p\u00e5.<\/p>\n<p style=\"padding-left: 30px;\"><em><b>Sanningen om\u00a0hur v\u00e5r ekonomi \u00e4r t\u00e4nkt<\/b><\/em><\/p>\n<p style=\"padding-left: 30px;\"><em><a href=\"https:\/\/sven-ove.nu\/wp-content\/uploads\/2014\/09\/R\u00f6tt-kort.jpg\"><img loading=\"lazy\" decoding=\"async\" class=\"alignright size-medium wp-image-9566\" src=\"https:\/\/sven-ove.nu\/wp-content\/uploads\/2014\/09\/R\u00f6tt-kort-300x285.jpg\" alt=\"R\u00f6tt kort\" width=\"300\" height=\"285\" srcset=\"https:\/\/sven-ove.nu\/wp-content\/uploads\/2014\/09\/R\u00f6tt-kort-300x285.jpg 300w, https:\/\/sven-ove.nu\/wp-content\/uploads\/2014\/09\/R\u00f6tt-kort.jpg 871w\" sizes=\"auto, (max-width: 300px) 100vw, 300px\" \/><\/a>Tanken med v\u00e5rt nuvarande\u2028<\/em><br \/>\n<em> ekonomiska system\u2028<\/em><br \/>\n<em> \u00e4\u2019 att alle ska f\u00e5 det<br \/>\n<\/em><em>lite b\u00e4ttre.<\/em><\/p>\n<p style=\"padding-left: 30px;\"><em>\u00c4n alle andre.<\/em><\/p>\n<p style=\"padding-left: 30px;\"><em><b>Viktor Root<\/b><\/em><\/p>\n","protected":false},"excerpt":{"rendered":"<p>I natt satt jag uppe l\u00e4nge framf\u00f6r tv:n. Det var vi fler som gjorde. H\u00e4r \u00e4r en dikt av min v\u00e4n Viktor Root, hans beskrivning av den egoh\u00f6ger som styrde Sverige nyss men inte l\u00e4ngre, verkar det. Hur det g\u00e5r nu vet jag inte, men det finns sannerligen hopp. Vi vann ju.\u00a0G\u00f4tt. Filosofin fr\u00e5n dikten &hellip; <a href=\"https:\/\/sven-ove.nu\/?p=9563\" class=\"more-link\">Forts\u00e4tt l\u00e4sa <span class=\"screen-reader-text\">Egoh\u00f6gerns ekonomiska system<\/span><\/a><\/p>\n","protected":false},"author":1,"featured_media":0,"comment_status":"open","ping_status":"open","sticky":false,"template":"","format":"standard","meta":{"_crdt_document":"","_monsterinsights_skip_tracking":false,"_monsterinsights_sitenote_active":false,"_monsterinsights_sitenote_note":"","_monsterinsights_sitenote_category":0,"footnotes":""},"categories":[9,11],"tags":[17],"class_list":["post-9563","post","type-post","status-publish","format-standard","hentry","category-politik","category-viktor-root","tag-solidaritet"],"_links":{"self":[{"href":"https:\/\/sven-ove.nu\/index.php?rest_route=\/wp\/v2\/posts\/9563","targetHints":{"allow":["GET"]}}],"collection":[{"href":"https:\/\/sven-ove.nu\/index.php?rest_route=\/wp\/v2\/posts"}],"about":[{"href":"https:\/\/sven-ove.nu\/index.php?rest_route=\/wp\/v2\/types\/post"}],"author":[{"embeddable":true,"href":"https:\/\/sven-ove.nu\/index.php?rest_route=\/wp\/v2\/users\/1"}],"replies":[{"embeddable":true,"href":"https:\/\/sven-ove.nu\/index.php?rest_route=%2Fwp%2Fv2%2Fcomments&post=9563"}],"version-history":[{"count":10,"href":"https:\/\/sven-ove.nu\/index.php?rest_route=\/wp\/v2\/posts\/9563\/revisions"}],"predecessor-version":[{"id":10058,"href":"https:\/\/sven-ove.nu\/index.php?rest_route=\/wp\/v2\/posts\/9563\/revisions\/10058"}],"wp:attachment":[{"href":"https:\/\/sven-ove.nu\/index.php?rest_route=%2Fwp%2Fv2%2Fmedia&parent=9563"}],"wp:term":[{"taxonomy":"category","embeddable":true,"href":"https:\/\/sven-ove.nu\/index.php?rest_route=%2Fwp%2Fv2%2Fcategories&post=9563"},{"taxonomy":"post_tag","embeddable":true,"href":"https:\/\/sven-ove.nu\/index.php?rest_route=%2Fwp%2Fv2%2Ftags&post=9563"}],"curies":[{"name":"wp","href":"https:\/\/api.w.org\/{rel}","templated":true}]}}