{"id":9576,"date":"2014-09-16T03:00:26","date_gmt":"2014-09-16T02:00:26","guid":{"rendered":"http:\/\/sven-ove.nu\/?p=9576"},"modified":"2014-09-15T07:33:06","modified_gmt":"2014-09-15T06:33:06","slug":"nasta-gang-ska-jag-vaga-prata-med-honom","status":"publish","type":"post","link":"https:\/\/sven-ove.nu\/?p=9576","title":{"rendered":"N\u00e4sta g\u00e5ng ska jag v\u00e5ga prata med honom"},"content":{"rendered":"<p><a href=\"https:\/\/sven-ove.nu\/wp-content\/uploads\/2014\/09\/Centerpartiet-och-tiggaren.jpg\"><img loading=\"lazy\" decoding=\"async\" class=\"alignright size-large wp-image-9578\" alt=\"Centerpartiet och tiggaren\" src=\"https:\/\/sven-ove.nu\/wp-content\/uploads\/2014\/09\/Centerpartiet-och-tiggaren-1024x900.jpg\" width=\"640\" height=\"562\" srcset=\"https:\/\/sven-ove.nu\/wp-content\/uploads\/2014\/09\/Centerpartiet-och-tiggaren-1024x900.jpg 1024w, https:\/\/sven-ove.nu\/wp-content\/uploads\/2014\/09\/Centerpartiet-och-tiggaren-300x263.jpg 300w, https:\/\/sven-ove.nu\/wp-content\/uploads\/2014\/09\/Centerpartiet-och-tiggaren.jpg 1059w\" sizes=\"auto, (max-width: 640px) 100vw, 640px\" \/><\/a><\/p>\n<p>Septembers\u00f6ndag i mitt Forshaga. P\u00e5 Konsums anslagstavla annonserar det fackf\u00f6reningsfientliga centerpartiet. Strax intill entr\u00e9n sitter en tiggare med tom pappmugg. Solen skiner, v\u00e5r gr\u00e4smatta beh\u00f6ver klippas.<\/p>\n<p>Sverige beh\u00f6ver inte mer ansade gr\u00e4smattor.<br \/>\nSverige beh\u00f6ver mer solidaritet.<\/p>\n<p>&#8211; Tack! s\u00e4ger han till mig.<br \/>\n&#8211; Thank you! till min fru.<\/p>\n<p>N\u00e4sta g\u00e5ng ska jag v\u00e5ga prata med honom om hans liv.<\/p>\n","protected":false},"excerpt":{"rendered":"<p>Septembers\u00f6ndag i mitt Forshaga. P\u00e5 Konsums anslagstavla annonserar det fackf\u00f6reningsfientliga centerpartiet. Strax intill entr\u00e9n sitter en tiggare med tom pappmugg. Solen skiner, v\u00e5r gr\u00e4smatta beh\u00f6ver klippas. Sverige beh\u00f6ver inte mer ansade gr\u00e4smattor. Sverige beh\u00f6ver mer solidaritet. &#8211; Tack! s\u00e4ger han till mig. &#8211; Thank you! till min fru. N\u00e4sta g\u00e5ng ska jag v\u00e5ga prata med &hellip; <a href=\"https:\/\/sven-ove.nu\/?p=9576\" class=\"more-link\">Forts\u00e4tt l\u00e4sa <span class=\"screen-reader-text\">N\u00e4sta g\u00e5ng ska jag v\u00e5ga prata med honom<\/span><\/a><\/p>\n","protected":false},"author":1,"featured_media":0,"comment_status":"open","ping_status":"open","sticky":false,"template":"","format":"standard","meta":{"_crdt_document":"","_monsterinsights_skip_tracking":false,"_monsterinsights_sitenote_active":false,"_monsterinsights_sitenote_note":"","_monsterinsights_sitenote_category":0,"footnotes":""},"categories":[9],"tags":[8,17],"class_list":["post-9576","post","type-post","status-publish","format-standard","hentry","category-politik","tag-historia","tag-solidaritet"],"_links":{"self":[{"href":"https:\/\/sven-ove.nu\/index.php?rest_route=\/wp\/v2\/posts\/9576","targetHints":{"allow":["GET"]}}],"collection":[{"href":"https:\/\/sven-ove.nu\/index.php?rest_route=\/wp\/v2\/posts"}],"about":[{"href":"https:\/\/sven-ove.nu\/index.php?rest_route=\/wp\/v2\/types\/post"}],"author":[{"embeddable":true,"href":"https:\/\/sven-ove.nu\/index.php?rest_route=\/wp\/v2\/users\/1"}],"replies":[{"embeddable":true,"href":"https:\/\/sven-ove.nu\/index.php?rest_route=%2Fwp%2Fv2%2Fcomments&post=9576"}],"version-history":[{"count":3,"href":"https:\/\/sven-ove.nu\/index.php?rest_route=\/wp\/v2\/posts\/9576\/revisions"}],"predecessor-version":[{"id":9580,"href":"https:\/\/sven-ove.nu\/index.php?rest_route=\/wp\/v2\/posts\/9576\/revisions\/9580"}],"wp:attachment":[{"href":"https:\/\/sven-ove.nu\/index.php?rest_route=%2Fwp%2Fv2%2Fmedia&parent=9576"}],"wp:term":[{"taxonomy":"category","embeddable":true,"href":"https:\/\/sven-ove.nu\/index.php?rest_route=%2Fwp%2Fv2%2Fcategories&post=9576"},{"taxonomy":"post_tag","embeddable":true,"href":"https:\/\/sven-ove.nu\/index.php?rest_route=%2Fwp%2Fv2%2Ftags&post=9576"}],"curies":[{"name":"wp","href":"https:\/\/api.w.org\/{rel}","templated":true}]}}