{"id":9593,"date":"2014-09-20T03:00:55","date_gmt":"2014-09-20T02:00:55","guid":{"rendered":"http:\/\/sven-ove.nu\/?p=9593"},"modified":"2014-09-20T05:40:03","modified_gmt":"2014-09-20T04:40:03","slug":"nar-humoret-har-uppforsbacke","status":"publish","type":"post","link":"https:\/\/sven-ove.nu\/?p=9593","title":{"rendered":"N\u00e4r hum\u00f6ret har uppf\u00f6rsbacke"},"content":{"rendered":"<p><a href=\"https:\/\/sven-ove.nu\/wp-content\/uploads\/2014\/07\/Rosor.jpg\"><img loading=\"lazy\" decoding=\"async\" class=\"alignright size-medium wp-image-9149\" alt=\"Rosor\" src=\"https:\/\/sven-ove.nu\/wp-content\/uploads\/2014\/07\/Rosor-200x300.jpg\" width=\"200\" height=\"300\" srcset=\"https:\/\/sven-ove.nu\/wp-content\/uploads\/2014\/07\/Rosor-200x300.jpg 200w, https:\/\/sven-ove.nu\/wp-content\/uploads\/2014\/07\/Rosor-682x1024.jpg 682w, https:\/\/sven-ove.nu\/wp-content\/uploads\/2014\/07\/Rosor.jpg 1080w\" sizes=\"auto, (max-width: 200px) 100vw, 200px\" \/><\/a>En stund, ett dystert \u00f6gonblick n\u00e4r hum\u00f6ret \u00e4r i uppf\u00f6rsbacke, f\u00e5r jag ett meddelande. Jag har sparat det som ett mantra till i dag, f\u00f6r i dag ska jag vara glad. Tack J, du v\u00e4nde mitt sinne i onsdags och gl\u00e4djen har inte sl\u00e4ppt \u00e4n.<\/p>\n<p style=\"padding-left: 30px;\"><i>\u201dTack f\u00f6r dina texter Sven-Ove, p\u00e5verkar mig mer \u00e4n alla partiledardebatter och valaffischer tillsammans\u201d.<\/i><\/p>\n<p>Jag tvivlar s\u00e5 ofta p\u00e5 nyttan av de h\u00e4r blogginl\u00e4ggen.<br \/>\nD\u00e5 \u00e4r det en lycka n\u00e4r v\u00e4nner \u00e4r v\u00e4nner.<\/p>\n","protected":false},"excerpt":{"rendered":"<p>En stund, ett dystert \u00f6gonblick n\u00e4r hum\u00f6ret \u00e4r i uppf\u00f6rsbacke, f\u00e5r jag ett meddelande. Jag har sparat det som ett mantra till i dag, f\u00f6r i dag ska jag vara glad. Tack J, du v\u00e4nde mitt sinne i onsdags och gl\u00e4djen har inte sl\u00e4ppt \u00e4n. \u201dTack f\u00f6r dina texter Sven-Ove, p\u00e5verkar mig mer \u00e4n alla &hellip; <a href=\"https:\/\/sven-ove.nu\/?p=9593\" class=\"more-link\">Forts\u00e4tt l\u00e4sa <span class=\"screen-reader-text\">N\u00e4r hum\u00f6ret har uppf\u00f6rsbacke<\/span><\/a><\/p>\n","protected":false},"author":1,"featured_media":0,"comment_status":"open","ping_status":"open","sticky":false,"template":"","format":"standard","meta":{"_crdt_document":"","_monsterinsights_skip_tracking":false,"_monsterinsights_sitenote_active":false,"_monsterinsights_sitenote_note":"","_monsterinsights_sitenote_category":0,"footnotes":""},"categories":[4],"tags":[24,17],"class_list":["post-9593","post","type-post","status-publish","format-standard","hentry","category-skrivande","tag-karlek","tag-solidaritet"],"_links":{"self":[{"href":"https:\/\/sven-ove.nu\/index.php?rest_route=\/wp\/v2\/posts\/9593","targetHints":{"allow":["GET"]}}],"collection":[{"href":"https:\/\/sven-ove.nu\/index.php?rest_route=\/wp\/v2\/posts"}],"about":[{"href":"https:\/\/sven-ove.nu\/index.php?rest_route=\/wp\/v2\/types\/post"}],"author":[{"embeddable":true,"href":"https:\/\/sven-ove.nu\/index.php?rest_route=\/wp\/v2\/users\/1"}],"replies":[{"embeddable":true,"href":"https:\/\/sven-ove.nu\/index.php?rest_route=%2Fwp%2Fv2%2Fcomments&post=9593"}],"version-history":[{"count":8,"href":"https:\/\/sven-ove.nu\/index.php?rest_route=\/wp\/v2\/posts\/9593\/revisions"}],"predecessor-version":[{"id":9609,"href":"https:\/\/sven-ove.nu\/index.php?rest_route=\/wp\/v2\/posts\/9593\/revisions\/9609"}],"wp:attachment":[{"href":"https:\/\/sven-ove.nu\/index.php?rest_route=%2Fwp%2Fv2%2Fmedia&parent=9593"}],"wp:term":[{"taxonomy":"category","embeddable":true,"href":"https:\/\/sven-ove.nu\/index.php?rest_route=%2Fwp%2Fv2%2Fcategories&post=9593"},{"taxonomy":"post_tag","embeddable":true,"href":"https:\/\/sven-ove.nu\/index.php?rest_route=%2Fwp%2Fv2%2Ftags&post=9593"}],"curies":[{"name":"wp","href":"https:\/\/api.w.org\/{rel}","templated":true}]}}