{"id":9613,"date":"2014-09-23T03:00:31","date_gmt":"2014-09-23T02:00:31","guid":{"rendered":"http:\/\/sven-ove.nu\/?p=9613"},"modified":"2014-09-23T10:48:17","modified_gmt":"2014-09-23T09:48:17","slug":"froken-onodigs-torg","status":"publish","type":"post","link":"https:\/\/sven-ove.nu\/?p=9613","title":{"rendered":"Fr\u00f6ken On\u00f6digs torg"},"content":{"rendered":"<p><a href=\"https:\/\/sven-ove.nu\/wp-content\/uploads\/2014\/09\/Fr\u00f6ken-On\u00f6dig.jpg\"><img loading=\"lazy\" decoding=\"async\" class=\"size-large wp-image-9616 alignnone\" alt=\"Fr\u00f6ken On\u00f6dig\" src=\"https:\/\/sven-ove.nu\/wp-content\/uploads\/2014\/09\/Fr\u00f6ken-On\u00f6dig-1024x732.jpg\" width=\"640\" height=\"457\" srcset=\"https:\/\/sven-ove.nu\/wp-content\/uploads\/2014\/09\/Fr\u00f6ken-On\u00f6dig-1024x732.jpg 1024w, https:\/\/sven-ove.nu\/wp-content\/uploads\/2014\/09\/Fr\u00f6ken-On\u00f6dig-300x214.jpg 300w, https:\/\/sven-ove.nu\/wp-content\/uploads\/2014\/09\/Fr\u00f6ken-On\u00f6dig.jpg 1622w\" sizes=\"auto, (max-width: 640px) 100vw, 640px\" \/><\/a>\u00a0 \u00a0 \u00a0\u00a0<em>Fr\u00f6ken On\u00f6dig. Skulptur av Astrid G\u00f6ransson.<\/em><\/p>\n<p>Har min ungdoms centralort n\u00e5gonsin haft ett torg? Inte vad jag kan minnas. N\u00e4r vi kom p\u00e5 moped f\u00f6r att f\u00f6rs\u00f6ka tr\u00e4ffa flickor, var det vid j\u00e4rnv\u00e4gsstationen de satt och dinglade med benen. \u201dTr\u00e4dtorget\u201d kallade folkmun det, efter det stora tr\u00e4det som trafiken gick runt. Men n\u00e5got torg var det ju inte.<\/p>\n<p>47 \u00e5r senare hoppar jag till f\u00f6rst. En nyfiken nos unders\u00f6ker min hand. N\u00e4r jag v\u00e4nder mig om sitter nosen p\u00e5 en leonberger, den hundsorten f\u00f6rst\u00e5r du snabbt. Uj uj uj, du var mig en stor och tydlig en\u2026 N\u00e5, hunden \u00e4r rar och l\u00e5tsas inte k\u00e4nna att jag luktar hundr\u00e4dd. Hennes husse har jag inte sett p\u00e5 l\u00e4nge, men 1967 var H\u00e5kan med p\u00e5 mopedturerna. Sedan blev han kommunalr\u00e5d och nu har han ocks\u00e5 hittat tillbaka till Peking.<\/p>\n<p><b>Svart med folk<br \/>\n<\/b>Varf\u00f6r ett kvarter i Molkom kan heta Peking har jag gl\u00f6mt, men nu har de goda m\u00e4nniskorna k\u00e4mpat sig till ett torg. En miljoninvestering med skulptur och allt. Framf\u00f6r ing\u00e5ngen till Konsum \u00e4r det svart med folk n\u00e4r <b>Nyedstorget<\/b> ska invigas. Varenda m\u00f4lk\u00f4ming tycks ha letat sig hit, bra m\u00e5nga av oss \u00e5terv\u00e4ndare med.<\/p>\n<p>Solen skiner, PRO steker kolbullar, n\u00e5gon visar gamla bilder och kartor fr\u00e5n stationssamh\u00e4llets framv\u00e4xt och skidklubben s\u00e4ljer skid\u00e5karm\u00f6ssor. P\u00e5 scenen myllrar det av talanger. Sedan, efter n\u00e5gra timmar och minst ett landsh\u00f6vdingetal, \u00e4r det dags. Hon avt\u00e4cks.<\/p>\n<p><b>Det on\u00f6digas n\u00f6dv\u00e4ndighet<br \/>\n<a href=\"https:\/\/sven-ove.nu\/wp-content\/uploads\/2014\/09\/Fr\u00f6ken-O.jpg\"><img loading=\"lazy\" decoding=\"async\" class=\"alignright size-medium wp-image-9618\" alt=\"Fr\u00f6ken O\" src=\"https:\/\/sven-ove.nu\/wp-content\/uploads\/2014\/09\/Fr\u00f6ken-O-300x225.jpg\" width=\"300\" height=\"225\" srcset=\"https:\/\/sven-ove.nu\/wp-content\/uploads\/2014\/09\/Fr\u00f6ken-O-300x225.jpg 300w, https:\/\/sven-ove.nu\/wp-content\/uploads\/2014\/09\/Fr\u00f6ken-O-1024x768.jpg 1024w, https:\/\/sven-ove.nu\/wp-content\/uploads\/2014\/09\/Fr\u00f6ken-O.jpg 1632w\" sizes=\"auto, (max-width: 300px) 100vw, 300px\" \/><\/a><\/b>Hon heter <b>Fr\u00f6ken On\u00f6dig<\/b> och ligger och vilar i kanten av trappan i kanten av det nya torget i kanten av min gamla kommun i kanten av v\u00e5rt spruckna Sverige. Jag tycker genast om henne. Det \u00e4r inte det n\u00f6dv\u00e4ndiga som ger livet sk\u00f6nhet. Det \u00e4r det d\u00e4r andra, extra. Strax d\u00e4rp\u00e5 delar de ut en hel bok med avfotograferade on\u00f6digheter som molkomsbor har samlat p\u00e5 sig genom \u00e5ren. Jag gillar det. Elegant bevisar mina gamla v\u00e4nner det on\u00f6digas n\u00f6dv\u00e4ndigt.<\/p>\n<p>N\u00e4r vi v\u00e4nder tillbaka en stund p\u00e5 kv\u00e4llen har folk redan hittat sina sittplatser p\u00e5 torget. Det \u00e4r som om de alltid har suttit h\u00e4r och dinglat med benen. Nu kan mopederna komma.<\/p>\n<p>&nbsp;<\/p>\n<p><i><a href=\"https:\/\/sven-ove.nu\/wp-content\/uploads\/2014\/09\/Swecos-skiss-\u00f6ver-Nyedstorget.jpg\"><img loading=\"lazy\" decoding=\"async\" class=\"size-thumbnail wp-image-9620 alignleft\" alt=\"Swecos skiss \u00f6ver Nyedstorget\" src=\"https:\/\/sven-ove.nu\/wp-content\/uploads\/2014\/09\/Swecos-skiss-\u00f6ver-Nyedstorget-150x150.jpg\" width=\"150\" height=\"150\" \/><\/a>Nyedstorget \u00e4r ritat av landskapsarkitekten Louise Thyberg i samarbete med konstn\u00e4ren Astrid G\u00f6ransson och med Kristine Johansson som projektledare. Astrid G\u00f6ransson har ocks\u00e5 utf\u00f6rt skulpturen Fr\u00f6ken On\u00f6dig. Redaktion f\u00f6r boken <b>(om) det n\u00f6dv\u00e4ndigas n\u00f6dv\u00e4ndighet<\/b>: Astrid G\u00f6ransson, Karin Karlsson, Lotta Mossum, David Skoog och Ingela Wessmark.<\/i><i>\u00a0<\/i><\/p>\n<p><a href=\"https:\/\/sven-ove.nu\/wp-content\/uploads\/2014\/09\/Staven.jpg\"><img loading=\"lazy\" decoding=\"async\" class=\"size-medium wp-image-9621 alignleft\" alt=\"Staven\" src=\"https:\/\/sven-ove.nu\/wp-content\/uploads\/2014\/09\/Staven-300x225.jpg\" width=\"300\" height=\"225\" srcset=\"https:\/\/sven-ove.nu\/wp-content\/uploads\/2014\/09\/Staven-300x225.jpg 300w, https:\/\/sven-ove.nu\/wp-content\/uploads\/2014\/09\/Staven-1024x768.jpg 1024w, https:\/\/sven-ove.nu\/wp-content\/uploads\/2014\/09\/Staven.jpg 1632w\" sizes=\"auto, (max-width: 300px) 100vw, 300px\" \/><\/a><\/p>\n<p style=\"padding-left: 30px;\"><a href=\"https:\/\/sven-ove.nu\/wp-content\/uploads\/2014\/09\/Runes.jpg\"><img loading=\"lazy\" decoding=\"async\" class=\"alignright size-medium wp-image-9622\" alt=\"Runes\" src=\"https:\/\/sven-ove.nu\/wp-content\/uploads\/2014\/09\/Runes-300x225.jpg\" width=\"300\" height=\"225\" srcset=\"https:\/\/sven-ove.nu\/wp-content\/uploads\/2014\/09\/Runes-300x225.jpg 300w, https:\/\/sven-ove.nu\/wp-content\/uploads\/2014\/09\/Runes-1024x768.jpg 1024w, https:\/\/sven-ove.nu\/wp-content\/uploads\/2014\/09\/Runes.jpg 1632w\" sizes=\"auto, (max-width: 300px) 100vw, 300px\" \/><\/a><\/p>\n<p style=\"padding-left: 30px;\"><em>&#8221;Varje g\u00e5ng sonen i familjen Nilsson \u00f6ppnar f\u00f6rr\u00e5det m\u00f6ts han av sin mammas gamla skidstav. Han tror att hon fick den 1934 n\u00e4r hon gick p\u00e5 realskolan i Kiruna. Men d\u00e5 komplett med skidor och ytterligare en stav. Varf\u00f6r skidstaven av bambu fortfarande finns kvar i f\u00f6rr\u00e5det vet ingen.&#8221;<\/em><\/p>\n<p>&nbsp;<\/p>\n<p><em>&#8221;En kaffekanna fr\u00e5n Runes Konditori i Molkom st\u00e5r ovanp\u00e5 k\u00f6kssk\u00e5pet i Mikael och Lena Svenssons k\u00f6k. Mikael s\u00e5g den p\u00e5 en loppis och k\u00e4nde sig tvungen att k\u00f6pa den, trots att han n\u00e5gonstans visste att den aldrig skulle komma att anv\u00e4ndas. Mikael v\u00e4xte upp i Molkom och minns n\u00e4r han sprang till &#8217;Runes&#8217; f\u00f6r att k\u00f6pa fem\u00f6resgodis. Hans favorit var tefaten som f\u00f6rst sm\u00e4lte i munnen och sen b\u00f6rjade brusa.&#8221;<\/em><\/p>\n<p>Texterna och fotona med staven och kannan \u00e4r h\u00e4mtade fr\u00e5n boken. Torgskissen \u00e4r fr\u00e5n Sweco.<\/p>\n<p><strong>L\u00e4s mer: <a href=\"http:\/\/molkom2014.wordpress.com\/2014\/09\/13\/om-det-onodigas-nodvandighet\/\">(om) det on\u00f6digas n\u00f6dv\u00e4ndighet<\/a><\/strong><\/p>\n","protected":false},"excerpt":{"rendered":"<p>\u00a0 \u00a0 \u00a0\u00a0Fr\u00f6ken On\u00f6dig. Skulptur av Astrid G\u00f6ransson. Har min ungdoms centralort n\u00e5gonsin haft ett torg? Inte vad jag kan minnas. N\u00e4r vi kom p\u00e5 moped f\u00f6r att f\u00f6rs\u00f6ka tr\u00e4ffa flickor, var det vid j\u00e4rnv\u00e4gsstationen de satt och dinglade med benen. \u201dTr\u00e4dtorget\u201d kallade folkmun det, efter det stora tr\u00e4det som trafiken gick runt. Men n\u00e5got &hellip; <a href=\"https:\/\/sven-ove.nu\/?p=9613\" class=\"more-link\">Forts\u00e4tt l\u00e4sa <span class=\"screen-reader-text\">Fr\u00f6ken On\u00f6digs torg<\/span><\/a><\/p>\n","protected":false},"author":1,"featured_media":0,"comment_status":"open","ping_status":"open","sticky":false,"template":"","format":"standard","meta":{"_crdt_document":"","_monsterinsights_skip_tracking":false,"_monsterinsights_sitenote_active":false,"_monsterinsights_sitenote_note":"","_monsterinsights_sitenote_category":0,"footnotes":""},"categories":[10],"tags":[3,8,24],"class_list":["post-9613","post","type-post","status-publish","format-standard","hentry","category-familjen","tag-arbete","tag-historia","tag-karlek"],"_links":{"self":[{"href":"https:\/\/sven-ove.nu\/index.php?rest_route=\/wp\/v2\/posts\/9613","targetHints":{"allow":["GET"]}}],"collection":[{"href":"https:\/\/sven-ove.nu\/index.php?rest_route=\/wp\/v2\/posts"}],"about":[{"href":"https:\/\/sven-ove.nu\/index.php?rest_route=\/wp\/v2\/types\/post"}],"author":[{"embeddable":true,"href":"https:\/\/sven-ove.nu\/index.php?rest_route=\/wp\/v2\/users\/1"}],"replies":[{"embeddable":true,"href":"https:\/\/sven-ove.nu\/index.php?rest_route=%2Fwp%2Fv2%2Fcomments&post=9613"}],"version-history":[{"count":12,"href":"https:\/\/sven-ove.nu\/index.php?rest_route=\/wp\/v2\/posts\/9613\/revisions"}],"predecessor-version":[{"id":9645,"href":"https:\/\/sven-ove.nu\/index.php?rest_route=\/wp\/v2\/posts\/9613\/revisions\/9645"}],"wp:attachment":[{"href":"https:\/\/sven-ove.nu\/index.php?rest_route=%2Fwp%2Fv2%2Fmedia&parent=9613"}],"wp:term":[{"taxonomy":"category","embeddable":true,"href":"https:\/\/sven-ove.nu\/index.php?rest_route=%2Fwp%2Fv2%2Fcategories&post=9613"},{"taxonomy":"post_tag","embeddable":true,"href":"https:\/\/sven-ove.nu\/index.php?rest_route=%2Fwp%2Fv2%2Ftags&post=9613"}],"curies":[{"name":"wp","href":"https:\/\/api.w.org\/{rel}","templated":true}]}}