{"id":962,"date":"2012-01-24T06:00:15","date_gmt":"2012-01-24T05:00:15","guid":{"rendered":"http:\/\/sven-ove.nu\/?p=962"},"modified":"2012-01-24T20:03:19","modified_gmt":"2012-01-24T19:03:19","slug":"o-radet-pa-sveavagen","status":"publish","type":"post","link":"https:\/\/sven-ove.nu\/?p=962","title":{"rendered":"\u00d6-r\u00e5det p\u00e5 Sveav\u00e4gen"},"content":{"rendered":"<p>H\u00f6r att de h\u00f6ll \u00f6-r\u00e5d n\u00e4r H\u00e5kan Juholt r\u00f6stades ut.<br \/>\nF\u00f6rra g\u00e5ngen var det han som <a href=\"http:\/\/www.barometern.se\/nyheter\/lanet\/juholt-s-styret-bor-avga(2174496).gm\">h\u00f6ll i yxan<\/a>.\u00a0 Svinhugg g\u00e5r igen.<\/p>\n<p>Jag tycker inte om Robinson.<br \/>\nJag vill det ska bli Fredag.<\/p>\n<p>Men han kanske ocks\u00e5 \u00e4ter sina f\u00f6retr\u00e4dare?<\/p>\n<p><a href=\"http:\/\/sv.wikipedia.org\/wiki\/Robinson_Crusoe\" target=\"_blank\"><img loading=\"lazy\" decoding=\"async\" class=\"alignleft size-medium wp-image-963\" title=\"Sp\u00e5ret av Fredag\" src=\"https:\/\/sven-ove.nu\/wp-content\/uploads\/2012\/01\/Sp\u00e5ret-av-Fredag-227x300.png\" alt=\"\" width=\"227\" height=\"300\" srcset=\"https:\/\/sven-ove.nu\/wp-content\/uploads\/2012\/01\/Sp\u00e5ret-av-Fredag-227x300.png 227w, https:\/\/sven-ove.nu\/wp-content\/uploads\/2012\/01\/Sp\u00e5ret-av-Fredag.png 239w\" sizes=\"auto, (max-width: 227px) 100vw, 227px\" \/><\/a><\/p>\n<p>&nbsp;<\/p>\n<p>&nbsp;<\/p>\n<p>&nbsp;<\/p>\n<p>&nbsp;<\/p>\n<p>&nbsp;<\/p>\n<p>&nbsp;<\/p>\n<p>&nbsp;<\/p>\n<p><em>N\u00e4r jag s\u00f6ker p\u00e5 kombinationen <strong>\u00f6-r\u00e5d<\/strong> och <strong>folkf\u00f6rakt<\/strong> i Google, blir tredje tr\u00e4ffen p\u00e5 listan just min enkla blogg och webbplats. Lite stolt f\u00e5r man v\u00e4l vara, \u00e4ven om det antagligen bara betyder att Google fj\u00e4skar och vill bilda pakt?<\/em><\/p>\n","protected":false},"excerpt":{"rendered":"<p>H\u00f6r att de h\u00f6ll \u00f6-r\u00e5d n\u00e4r H\u00e5kan Juholt r\u00f6stades ut. F\u00f6rra g\u00e5ngen var det han som h\u00f6ll i yxan.\u00a0 Svinhugg g\u00e5r igen. Jag tycker inte om Robinson. Jag vill det ska bli Fredag. Men han kanske ocks\u00e5 \u00e4ter sina f\u00f6retr\u00e4dare? &nbsp; &nbsp; &nbsp; &nbsp; &nbsp; &nbsp; &nbsp; N\u00e4r jag s\u00f6ker p\u00e5 kombinationen \u00f6-r\u00e5d och folkf\u00f6rakt &hellip; <a href=\"https:\/\/sven-ove.nu\/?p=962\" class=\"more-link\">Forts\u00e4tt l\u00e4sa <span class=\"screen-reader-text\">\u00d6-r\u00e5det p\u00e5 Sveav\u00e4gen<\/span><\/a><\/p>\n","protected":false},"author":1,"featured_media":0,"comment_status":"open","ping_status":"open","sticky":false,"template":"","format":"standard","meta":{"_crdt_document":"","_monsterinsights_skip_tracking":false,"_monsterinsights_sitenote_active":false,"_monsterinsights_sitenote_note":"","_monsterinsights_sitenote_category":0,"footnotes":""},"categories":[9],"tags":[14,15],"class_list":["post-962","post","type-post","status-publish","format-standard","hentry","category-politik","tag-lasning","tag-mediedjungeln"],"_links":{"self":[{"href":"https:\/\/sven-ove.nu\/index.php?rest_route=\/wp\/v2\/posts\/962","targetHints":{"allow":["GET"]}}],"collection":[{"href":"https:\/\/sven-ove.nu\/index.php?rest_route=\/wp\/v2\/posts"}],"about":[{"href":"https:\/\/sven-ove.nu\/index.php?rest_route=\/wp\/v2\/types\/post"}],"author":[{"embeddable":true,"href":"https:\/\/sven-ove.nu\/index.php?rest_route=\/wp\/v2\/users\/1"}],"replies":[{"embeddable":true,"href":"https:\/\/sven-ove.nu\/index.php?rest_route=%2Fwp%2Fv2%2Fcomments&post=962"}],"version-history":[{"count":7,"href":"https:\/\/sven-ove.nu\/index.php?rest_route=\/wp\/v2\/posts\/962\/revisions"}],"predecessor-version":[{"id":965,"href":"https:\/\/sven-ove.nu\/index.php?rest_route=\/wp\/v2\/posts\/962\/revisions\/965"}],"wp:attachment":[{"href":"https:\/\/sven-ove.nu\/index.php?rest_route=%2Fwp%2Fv2%2Fmedia&parent=962"}],"wp:term":[{"taxonomy":"category","embeddable":true,"href":"https:\/\/sven-ove.nu\/index.php?rest_route=%2Fwp%2Fv2%2Fcategories&post=962"},{"taxonomy":"post_tag","embeddable":true,"href":"https:\/\/sven-ove.nu\/index.php?rest_route=%2Fwp%2Fv2%2Ftags&post=962"}],"curies":[{"name":"wp","href":"https:\/\/api.w.org\/{rel}","templated":true}]}}