{"id":9630,"date":"2014-09-24T03:00:31","date_gmt":"2014-09-24T02:00:31","guid":{"rendered":"http:\/\/sven-ove.nu\/?p=9630"},"modified":"2014-09-22T16:22:28","modified_gmt":"2014-09-22T15:22:28","slug":"uppvakta-sa-vi-inte","status":"publish","type":"post","link":"https:\/\/sven-ove.nu\/?p=9630","title":{"rendered":"Uppvakta sa vi inte"},"content":{"rendered":"<p><a href=\"https:\/\/sven-ove.nu\/wp-content\/uploads\/2014\/09\/Bj\u00f6rk.jpg\"><img loading=\"lazy\" decoding=\"async\" class=\"alignright size-medium wp-image-9632\" alt=\"Bj\u00f6rk\" src=\"https:\/\/sven-ove.nu\/wp-content\/uploads\/2014\/09\/Bj\u00f6rk-179x300.jpg\" width=\"179\" height=\"300\" srcset=\"https:\/\/sven-ove.nu\/wp-content\/uploads\/2014\/09\/Bj\u00f6rk-179x300.jpg 179w, https:\/\/sven-ove.nu\/wp-content\/uploads\/2014\/09\/Bj\u00f6rk-613x1024.jpg 613w, https:\/\/sven-ove.nu\/wp-content\/uploads\/2014\/09\/Bj\u00f6rk.jpg 1552w\" sizes=\"auto, (max-width: 179px) 100vw, 179px\" \/><\/a>P\u00e5 er tid sa ni v\u00e4l &#8221;uppvakta&#8221;, s\u00e4ger en ung v\u00e4n till mig.<\/p>\n<p>Nej du, uppvakta sa vi inte. Inte &#8221;\u00e4lskar dig&#8221; heller. &#8221;Ja\u2019 diggar dig&#8221; sa jag i b\u00f6rjan till henne som skulle bli min fru. Pinsamt tycker jag nu, fast d\u00e5 var de f\u00e5niga orden djupt och \u00e4rligt k\u00e4nda. Diggar henne g\u00f6r jag \u00e4n men med nya ord.<\/p>\n<p>Absolut inte &#8221;uppvakta&#8221;. Vad sa vi egentligen? D\u00e4r hemma p\u00e5 skogen sa vi &#8221;fria&#8221;, men vad sa vi n\u00e4r vi kom till stan och ville l\u00e5ta fina? Det har jag gl\u00f6mt. Hj\u00e4lp mig, n\u00e5gon.<\/p>\n<p>Friade vi aldrig d\u00e4r?<\/p>\n","protected":false},"excerpt":{"rendered":"<p>P\u00e5 er tid sa ni v\u00e4l &#8221;uppvakta&#8221;, s\u00e4ger en ung v\u00e4n till mig. Nej du, uppvakta sa vi inte. Inte &#8221;\u00e4lskar dig&#8221; heller. &#8221;Ja\u2019 diggar dig&#8221; sa jag i b\u00f6rjan till henne som skulle bli min fru. Pinsamt tycker jag nu, fast d\u00e5 var de f\u00e5niga orden djupt och \u00e4rligt k\u00e4nda. Diggar henne g\u00f6r jag &hellip; <a href=\"https:\/\/sven-ove.nu\/?p=9630\" class=\"more-link\">Forts\u00e4tt l\u00e4sa <span class=\"screen-reader-text\">Uppvakta sa vi inte<\/span><\/a><\/p>\n","protected":false},"author":1,"featured_media":0,"comment_status":"open","ping_status":"open","sticky":false,"template":"","format":"standard","meta":{"_crdt_document":"","_monsterinsights_skip_tracking":false,"_monsterinsights_sitenote_active":false,"_monsterinsights_sitenote_note":"","_monsterinsights_sitenote_category":0,"footnotes":""},"categories":[10],"tags":[8,24,21],"class_list":["post-9630","post","type-post","status-publish","format-standard","hentry","category-familjen","tag-historia","tag-karlek","tag-ord"],"_links":{"self":[{"href":"https:\/\/sven-ove.nu\/index.php?rest_route=\/wp\/v2\/posts\/9630","targetHints":{"allow":["GET"]}}],"collection":[{"href":"https:\/\/sven-ove.nu\/index.php?rest_route=\/wp\/v2\/posts"}],"about":[{"href":"https:\/\/sven-ove.nu\/index.php?rest_route=\/wp\/v2\/types\/post"}],"author":[{"embeddable":true,"href":"https:\/\/sven-ove.nu\/index.php?rest_route=\/wp\/v2\/users\/1"}],"replies":[{"embeddable":true,"href":"https:\/\/sven-ove.nu\/index.php?rest_route=%2Fwp%2Fv2%2Fcomments&post=9630"}],"version-history":[{"count":5,"href":"https:\/\/sven-ove.nu\/index.php?rest_route=\/wp\/v2\/posts\/9630\/revisions"}],"predecessor-version":[{"id":9636,"href":"https:\/\/sven-ove.nu\/index.php?rest_route=\/wp\/v2\/posts\/9630\/revisions\/9636"}],"wp:attachment":[{"href":"https:\/\/sven-ove.nu\/index.php?rest_route=%2Fwp%2Fv2%2Fmedia&parent=9630"}],"wp:term":[{"taxonomy":"category","embeddable":true,"href":"https:\/\/sven-ove.nu\/index.php?rest_route=%2Fwp%2Fv2%2Fcategories&post=9630"},{"taxonomy":"post_tag","embeddable":true,"href":"https:\/\/sven-ove.nu\/index.php?rest_route=%2Fwp%2Fv2%2Ftags&post=9630"}],"curies":[{"name":"wp","href":"https:\/\/api.w.org\/{rel}","templated":true}]}}