{"id":9699,"date":"2014-10-08T03:00:19","date_gmt":"2014-10-08T02:00:19","guid":{"rendered":"http:\/\/sven-ove.nu\/?p=9699"},"modified":"2014-10-07T05:51:47","modified_gmt":"2014-10-07T04:51:47","slug":"de-mobbade-osynliga","status":"publish","type":"post","link":"https:\/\/sven-ove.nu\/?p=9699","title":{"rendered":"De mobbade, osynliga"},"content":{"rendered":"<p>Landsbygdsborna <em>\u201d\u00e4r den sista gruppen som det \u00e4r okej att mobba \u00f6ppet. De neds\u00e4ttande termerna om landsbygd eller de som bor d\u00e4r \u00e4r m\u00e5nga. Det \u00e4r sj\u00e4lvklart kr\u00e4nkande i stunden att h\u00f6ra att man tillh\u00f6r de losers som bor i en h\u00e5la. Men det f\u00e5r ocks\u00e5 effekter p\u00e5 sikt i form av ett vi och dom\u201d<\/em> skriver <b>Christel<\/b> <b>Gustafsson<\/b> i en debattartikel p\u00e5 Tankesmedjan Ida.<\/p>\n<p>Hon forts\u00e4tter:<\/p>\n<p><em>\u201dDe senaste tio \u00e5ren har en tredjedel av tidningarnas lokalredaktioner lagts ned och tj\u00e4nster har centraliserats till huvudorterna. Effekten blir prim\u00e4rt en s\u00e4mre lokalbevakning. Men den inneb\u00e4r ocks\u00e5 ett osynligg\u00f6rande av stora delar av Sverige.\u201d<\/em><\/p>\n<p><b><a href=\"https:\/\/sven-ove.nu\/wp-content\/uploads\/2014\/10\/\u00c5ker.jpg\"><img loading=\"lazy\" decoding=\"async\" class=\"alignright size-medium wp-image-9702\" alt=\"\u00c5ker\" src=\"https:\/\/sven-ove.nu\/wp-content\/uploads\/2014\/10\/\u00c5ker-300x179.jpg\" width=\"300\" height=\"179\" srcset=\"https:\/\/sven-ove.nu\/wp-content\/uploads\/2014\/10\/\u00c5ker-300x179.jpg 300w, https:\/\/sven-ove.nu\/wp-content\/uploads\/2014\/10\/\u00c5ker-1024x613.jpg 1024w\" sizes=\"auto, (max-width: 300px) 100vw, 300px\" \/><\/a>En syn som f\u00f6rskr\u00e4cker<br \/>\n<\/b>Jag \u00e4r uppv\u00e4xt p\u00e5 svensk landsbygd p\u00e5 1960-talet och minns auktionerna, de f\u00e4rska granplanteringarna p\u00e5 \u00e5kermark, sm\u00e5b\u00f6nderna som letade sig bort till industrin. Jag beh\u00f6ver inte \u00e5ka tillbaka till barndomens trakter f\u00f6r att se v\u00e5rt kommande medielandskap framf\u00f6r mig.<\/p>\n<p>Den synen f\u00f6rskr\u00e4cker.<br \/>\nDet blir tyst och m\u00f6rkt och folktomt.<\/p>\n<p style=\"padding-left: 30px;\"><strong><i>Christel Gustafsson p\u00e5 Tankesmedjan Ida:<br \/>\n<\/i><a href=\"http:\/\/tankesmedjanida.se\/?debate=staten-har-lamnat-oss\"><i>Staten har l\u00e4mnat oss<\/i><\/a><\/strong><\/p>\n","protected":false},"excerpt":{"rendered":"<p>Landsbygdsborna \u201d\u00e4r den sista gruppen som det \u00e4r okej att mobba \u00f6ppet. De neds\u00e4ttande termerna om landsbygd eller de som bor d\u00e4r \u00e4r m\u00e5nga. Det \u00e4r sj\u00e4lvklart kr\u00e4nkande i stunden att h\u00f6ra att man tillh\u00f6r de losers som bor i en h\u00e5la. Men det f\u00e5r ocks\u00e5 effekter p\u00e5 sikt i form av ett vi och &hellip; <a href=\"https:\/\/sven-ove.nu\/?p=9699\" class=\"more-link\">Forts\u00e4tt l\u00e4sa <span class=\"screen-reader-text\">De mobbade, osynliga<\/span><\/a><\/p>\n","protected":false},"author":1,"featured_media":0,"comment_status":"open","ping_status":"open","sticky":false,"template":"","format":"standard","meta":{"_crdt_document":"","_monsterinsights_skip_tracking":false,"_monsterinsights_sitenote_active":false,"_monsterinsights_sitenote_note":"","_monsterinsights_sitenote_category":0,"footnotes":""},"categories":[10,6,9],"tags":[8,25,14,15],"class_list":["post-9699","post","type-post","status-publish","format-standard","hentry","category-familjen","category-natur","category-politik","tag-historia","tag-kartan","tag-lasning","tag-mediedjungeln"],"_links":{"self":[{"href":"https:\/\/sven-ove.nu\/index.php?rest_route=\/wp\/v2\/posts\/9699","targetHints":{"allow":["GET"]}}],"collection":[{"href":"https:\/\/sven-ove.nu\/index.php?rest_route=\/wp\/v2\/posts"}],"about":[{"href":"https:\/\/sven-ove.nu\/index.php?rest_route=\/wp\/v2\/types\/post"}],"author":[{"embeddable":true,"href":"https:\/\/sven-ove.nu\/index.php?rest_route=\/wp\/v2\/users\/1"}],"replies":[{"embeddable":true,"href":"https:\/\/sven-ove.nu\/index.php?rest_route=%2Fwp%2Fv2%2Fcomments&post=9699"}],"version-history":[{"count":4,"href":"https:\/\/sven-ove.nu\/index.php?rest_route=\/wp\/v2\/posts\/9699\/revisions"}],"predecessor-version":[{"id":9704,"href":"https:\/\/sven-ove.nu\/index.php?rest_route=\/wp\/v2\/posts\/9699\/revisions\/9704"}],"wp:attachment":[{"href":"https:\/\/sven-ove.nu\/index.php?rest_route=%2Fwp%2Fv2%2Fmedia&parent=9699"}],"wp:term":[{"taxonomy":"category","embeddable":true,"href":"https:\/\/sven-ove.nu\/index.php?rest_route=%2Fwp%2Fv2%2Fcategories&post=9699"},{"taxonomy":"post_tag","embeddable":true,"href":"https:\/\/sven-ove.nu\/index.php?rest_route=%2Fwp%2Fv2%2Ftags&post=9699"}],"curies":[{"name":"wp","href":"https:\/\/api.w.org\/{rel}","templated":true}]}}