{"id":9720,"date":"2014-10-09T03:00:07","date_gmt":"2014-10-09T02:00:07","guid":{"rendered":"http:\/\/sven-ove.nu\/?p=9720"},"modified":"2014-10-09T05:36:38","modified_gmt":"2014-10-09T04:36:38","slug":"nar-bertil-jonasson-sag-vilka-som-satt-vid-bordet-intill","status":"publish","type":"post","link":"https:\/\/sven-ove.nu\/?p=9720","title":{"rendered":"N\u00e4r Bertil Jonasson s\u00e5g vilka som satt vid bordet intill"},"content":{"rendered":"<p><a href=\"https:\/\/sven-ove.nu\/wp-content\/uploads\/2014\/09\/Centerpartiet-och-tiggaren.jpg\"><img loading=\"lazy\" decoding=\"async\" class=\"alignright size-medium wp-image-9578\" alt=\"Centerpartiet och tiggaren\" src=\"https:\/\/sven-ove.nu\/wp-content\/uploads\/2014\/09\/Centerpartiet-och-tiggaren-300x263.jpg\" width=\"300\" height=\"263\" srcset=\"https:\/\/sven-ove.nu\/wp-content\/uploads\/2014\/09\/Centerpartiet-och-tiggaren-300x263.jpg 300w, https:\/\/sven-ove.nu\/wp-content\/uploads\/2014\/09\/Centerpartiet-och-tiggaren-1024x900.jpg 1024w, https:\/\/sven-ove.nu\/wp-content\/uploads\/2014\/09\/Centerpartiet-och-tiggaren.jpg 1059w\" sizes=\"auto, (max-width: 300px) 100vw, 300px\" \/><\/a>&#8211; Nu g\u00e5r vi och \u00e4ter, sa chefredakt\u00f6r \u00c5rn\u00e4s. Det var p\u00e5 den centerpartistiska l\u00e4nstidningen V\u00e4rmlandsbygden och den han pratade med var en legend. Riksdagsman <strong>Bertil Jonasson<\/strong> (C) fr\u00e5n Eksh\u00e4rad. Sj\u00e4lv fick jag f\u00f6lja med lite p\u00e5 k\u00f6pet.<\/p>\n<p>&#8211; Vart ska vi g\u00e5? sa den trevlige herr Jonasson, som var tidningens styrelseordf\u00f6rande.<br \/>\n&#8211; Vi g\u00e5r v\u00e4l dit vi brukar, sa <strong>Sven \u00c5rn\u00e4s<\/strong> och travade i v\u00e4g med oss.<\/p>\n<p>N\u00e4r vi n\u00e4rmade oss Domusvaruhuset i Karlstad b\u00f6rjade den gode Jonasson att konstra. Nej, v\u00e4nta, d\u00e4r kunde han inte visa sig. Det var m\u00f6jligt att restaurang Mir\u00f2 p\u00e5 Domus serverade god och n\u00e4ringsrik f\u00f6da, kanske potatis fr\u00e5n Eksh\u00e4rad till och med. Men han kunde verkligen inte visa sig d\u00e4r. Aldrig i livet.<\/p>\n<p>&#8211; T\u00e4nk om n\u00e5n fr\u00e5n Nya Wermlands-Tidningen ser mig\u2026 sa riksdagsmannen.<\/p>\n<p>Sven och jag visste vad vi visste men vi sa ingenting. Nu ville vi bara ha mat och vi var trots allt en generation yngre. N\u00e4r Jonasson satt sig till bords uppt\u00e4ckte han vilka som hade stambordet intill. Halva redaktionen f\u00f6r moderata NWT. Det fick g\u00e5 det med. Maten var bra och vad i all sin dar skulle de journalisterna ha kunnat skriva om centerriksdagsmannens lunch p\u00e5 kooperativa Mir\u00f2? De \u00e5t ju sj\u00e4lva d\u00e4r varenda dag.<\/p>\n<p><b>Vem sa ni?!<br \/>\n<\/b>Det \u00e4r Konsum V\u00e4rmlands utm\u00e4rkta krishantering de senaste dagarna som f\u00e5r mig att t\u00e4nka p\u00e5 den h\u00e4r h\u00e4ndelsen fr\u00e5n 1980-talet. Konsum har haft sin kris, den p\u00e5g\u00e5r nog \u00e4n, och jag har sannerligen h\u00f6rt till de arga. Fast jag har r\u00e4knat till hundra nu och uppmanat mina kamrater att h\u00e5lla fast vid kooperationen. Det \u00e4r n\u00e4r det bl\u00e5ser som v\u00e4nnerna beh\u00f6vs allra b\u00e4st. Det <strong>g\u00e5r<\/strong> att g\u00f6ra om och g\u00f6ra r\u00e4tt.<\/p>\n<p>En ny tf verkst\u00e4llande direkt\u00f6r \u00e4r tillsatt. Han f\u00e5r inte ens h\u00e4lften av den l\u00f6n som f\u00f6reg\u00e5ngaren hade. Bra. En ny och st\u00f6rre styrelse \u00e4r tillsatt. Bra. En av de nya i styrelsen \u2013 \u00e4r f\u00f6rre centerriksdagsmannen <strong>Erik A Eriksson<\/strong>.<\/p>\n<p>Erik?!<\/p>\n<p>\u00d6vriga i styrelsen var v\u00e4ntade. Erik, som \u00e4r en lika klok och bra m\u00e4nniska, var ov\u00e4ntad. J\u00e4drar vad jag gillar det, ibland finns det hopp om mammas och pappas gamla parti. Varf\u00f6r skulle inte en centerpartistisk bonde kunna tycka att Konsum \u00e4r en bra id\u00e9 och dra sitt str\u00e5 till stacken? Det \u00e4r ju samma mat vi pratar om, den som han har producerat och den som vi \u00e4ter.<\/p>\n<p>V\u00e4rlden g\u00e5r fram\u00e5t, v\u00e4rlden g\u00e5r f\u00f6rbaske mig fram\u00e5t.<\/p>\n","protected":false},"excerpt":{"rendered":"<p>&#8211; Nu g\u00e5r vi och \u00e4ter, sa chefredakt\u00f6r \u00c5rn\u00e4s. Det var p\u00e5 den centerpartistiska l\u00e4nstidningen V\u00e4rmlandsbygden och den han pratade med var en legend. Riksdagsman Bertil Jonasson (C) fr\u00e5n Eksh\u00e4rad. Sj\u00e4lv fick jag f\u00f6lja med lite p\u00e5 k\u00f6pet. &#8211; Vart ska vi g\u00e5? sa den trevlige herr Jonasson, som var tidningens styrelseordf\u00f6rande. &#8211; Vi g\u00e5r &hellip; <a href=\"https:\/\/sven-ove.nu\/?p=9720\" class=\"more-link\">Forts\u00e4tt l\u00e4sa <span class=\"screen-reader-text\">N\u00e4r Bertil Jonasson s\u00e5g vilka som satt vid bordet intill<\/span><\/a><\/p>\n","protected":false},"author":1,"featured_media":0,"comment_status":"open","ping_status":"open","sticky":false,"template":"","format":"standard","meta":{"_crdt_document":"","_monsterinsights_skip_tracking":false,"_monsterinsights_sitenote_active":false,"_monsterinsights_sitenote_note":"","_monsterinsights_sitenote_category":0,"footnotes":""},"categories":[9,4],"tags":[8,18,15],"class_list":["post-9720","post","type-post","status-publish","format-standard","hentry","category-politik","category-skrivande","tag-historia","tag-lardomar","tag-mediedjungeln"],"_links":{"self":[{"href":"https:\/\/sven-ove.nu\/index.php?rest_route=\/wp\/v2\/posts\/9720","targetHints":{"allow":["GET"]}}],"collection":[{"href":"https:\/\/sven-ove.nu\/index.php?rest_route=\/wp\/v2\/posts"}],"about":[{"href":"https:\/\/sven-ove.nu\/index.php?rest_route=\/wp\/v2\/types\/post"}],"author":[{"embeddable":true,"href":"https:\/\/sven-ove.nu\/index.php?rest_route=\/wp\/v2\/users\/1"}],"replies":[{"embeddable":true,"href":"https:\/\/sven-ove.nu\/index.php?rest_route=%2Fwp%2Fv2%2Fcomments&post=9720"}],"version-history":[{"count":6,"href":"https:\/\/sven-ove.nu\/index.php?rest_route=\/wp\/v2\/posts\/9720\/revisions"}],"predecessor-version":[{"id":9726,"href":"https:\/\/sven-ove.nu\/index.php?rest_route=\/wp\/v2\/posts\/9720\/revisions\/9726"}],"wp:attachment":[{"href":"https:\/\/sven-ove.nu\/index.php?rest_route=%2Fwp%2Fv2%2Fmedia&parent=9720"}],"wp:term":[{"taxonomy":"category","embeddable":true,"href":"https:\/\/sven-ove.nu\/index.php?rest_route=%2Fwp%2Fv2%2Fcategories&post=9720"},{"taxonomy":"post_tag","embeddable":true,"href":"https:\/\/sven-ove.nu\/index.php?rest_route=%2Fwp%2Fv2%2Ftags&post=9720"}],"curies":[{"name":"wp","href":"https:\/\/api.w.org\/{rel}","templated":true}]}}