{"id":978,"date":"2012-01-27T06:00:22","date_gmt":"2012-01-27T05:00:22","guid":{"rendered":"http:\/\/sven-ove.nu\/?p=978"},"modified":"2012-01-26T19:19:37","modified_gmt":"2012-01-26T18:19:37","slug":"barbar-dator-proletariatet","status":"publish","type":"post","link":"https:\/\/sven-ove.nu\/?p=978","title":{"rendered":"B\u00e4rbar dator-proletariatet"},"content":{"rendered":"<p>Det var en m\u00f6rk och kylig morgon. P\u00e5 den gamla perrongen, som helst ville bli ung och pigg igen, stod de med sina datorv\u00e4skor och nickade till varandra, \u00e4nnu en otta.<\/p>\n<p>&#8211; Jas\u00e5, ska du ocks\u00e5.<br \/>\n&#8211; Mmm. Fick du igenom?<\/p>\n<p>Sammantr\u00e4des-, kurs- eller dyrbar workshopmorgon. Herrarna k\u00e4nde sig skickade. \u00c4nd\u00e5 var de bara l\u00e4nets dubbelklick- och b\u00e4rbar dator-proletariat. H\u00f6jdk\u00e4nsliga for de upp till Stockholm och sedan upp till V\u00e4rmland igen. Helst ville de att vinstkurvorna skulle b\u00f6rja g\u00f6ra likadant.<\/p>\n<p>D\u00e4r stod de och nickade och l\u00e4ngtade efter kaffe och en extra fralla, tack. N\u00e4r vi \u00e4nd\u00e5 \u00e4r uppe och ska dit upp och sedan tillbaka hit upp igen i kv\u00e4ll. Jas\u00e5 du \u00e4r vaken och inte gr\u00e5ter.<\/p>\n<p>6 och 38:orna.<\/p>\n<p>&nbsp;<\/p>\n<p><a href=\"https:\/\/sven-ove.nu\/wp-content\/uploads\/2012\/01\/Resande-om-mornarna.png\"><img loading=\"lazy\" decoding=\"async\" class=\"alignleft size-medium wp-image-979\" title=\"Resande om mornarna\" src=\"https:\/\/sven-ove.nu\/wp-content\/uploads\/2012\/01\/Resande-om-mornarna-300x136.png\" alt=\"\" width=\"300\" height=\"136\" srcset=\"https:\/\/sven-ove.nu\/wp-content\/uploads\/2012\/01\/Resande-om-mornarna-300x136.png 300w, https:\/\/sven-ove.nu\/wp-content\/uploads\/2012\/01\/Resande-om-mornarna-1024x464.png 1024w, https:\/\/sven-ove.nu\/wp-content\/uploads\/2012\/01\/Resande-om-mornarna.png 1129w\" sizes=\"auto, (max-width: 300px) 100vw, 300px\" \/><\/a><\/p>\n","protected":false},"excerpt":{"rendered":"<p>Det var en m\u00f6rk och kylig morgon. P\u00e5 den gamla perrongen, som helst ville bli ung och pigg igen, stod de med sina datorv\u00e4skor och nickade till varandra, \u00e4nnu en otta. &#8211; Jas\u00e5, ska du ocks\u00e5. &#8211; Mmm. Fick du igenom? Sammantr\u00e4des-, kurs- eller dyrbar workshopmorgon. Herrarna k\u00e4nde sig skickade. \u00c4nd\u00e5 var de bara l\u00e4nets &hellip; <a href=\"https:\/\/sven-ove.nu\/?p=978\" class=\"more-link\">Forts\u00e4tt l\u00e4sa <span class=\"screen-reader-text\">B\u00e4rbar dator-proletariatet<\/span><\/a><\/p>\n","protected":false},"author":1,"featured_media":0,"comment_status":"open","ping_status":"open","sticky":false,"template":"","format":"standard","meta":{"_crdt_document":"","_monsterinsights_skip_tracking":false,"_monsterinsights_sitenote_active":false,"_monsterinsights_sitenote_note":"","_monsterinsights_sitenote_category":0,"footnotes":""},"categories":[1],"tags":[3,13],"class_list":["post-978","post","type-post","status-publish","format-standard","hentry","category-uncategorized","tag-arbete","tag-utrustning"],"_links":{"self":[{"href":"https:\/\/sven-ove.nu\/index.php?rest_route=\/wp\/v2\/posts\/978","targetHints":{"allow":["GET"]}}],"collection":[{"href":"https:\/\/sven-ove.nu\/index.php?rest_route=\/wp\/v2\/posts"}],"about":[{"href":"https:\/\/sven-ove.nu\/index.php?rest_route=\/wp\/v2\/types\/post"}],"author":[{"embeddable":true,"href":"https:\/\/sven-ove.nu\/index.php?rest_route=\/wp\/v2\/users\/1"}],"replies":[{"embeddable":true,"href":"https:\/\/sven-ove.nu\/index.php?rest_route=%2Fwp%2Fv2%2Fcomments&post=978"}],"version-history":[{"count":3,"href":"https:\/\/sven-ove.nu\/index.php?rest_route=\/wp\/v2\/posts\/978\/revisions"}],"predecessor-version":[{"id":981,"href":"https:\/\/sven-ove.nu\/index.php?rest_route=\/wp\/v2\/posts\/978\/revisions\/981"}],"wp:attachment":[{"href":"https:\/\/sven-ove.nu\/index.php?rest_route=%2Fwp%2Fv2%2Fmedia&parent=978"}],"wp:term":[{"taxonomy":"category","embeddable":true,"href":"https:\/\/sven-ove.nu\/index.php?rest_route=%2Fwp%2Fv2%2Fcategories&post=978"},{"taxonomy":"post_tag","embeddable":true,"href":"https:\/\/sven-ove.nu\/index.php?rest_route=%2Fwp%2Fv2%2Ftags&post=978"}],"curies":[{"name":"wp","href":"https:\/\/api.w.org\/{rel}","templated":true}]}}