{"id":9812,"date":"2014-10-24T03:00:39","date_gmt":"2014-10-24T02:00:39","guid":{"rendered":"http:\/\/sven-ove.nu\/?p=9812"},"modified":"2014-10-22T05:04:18","modified_gmt":"2014-10-22T04:04:18","slug":"det-mystiska-ar-inte-hur-varlden-ar-utan-att-den-ar","status":"publish","type":"post","link":"https:\/\/sven-ove.nu\/?p=9812","title":{"rendered":"&#8221;Det mystiska \u00e4r inte hur v\u00e4rlden \u00e4r utan att den \u00e4r&#8221;"},"content":{"rendered":"<p>Om det man inte kan tala m\u00e5ste man tiga, skrev han, \u00f6sterrikaren som flyttade till en klipphylla i Norge.<\/p>\n<p>Det b\u00e4sta i hans bok \u00e4r det som inte st\u00e5r d\u00e4r, tyckte han. N\u00e4st sista stycket handlar om att fatta att inget finns att fatta och sedan g\u00e5 vidare. Fast det s\u00e5g de inte. N\u00e4stan ingen s\u00e5g det.<\/p>\n<p><a href=\"https:\/\/sven-ove.nu\/wp-content\/uploads\/2014\/10\/Wittgenstein.jpg\"><img loading=\"lazy\" decoding=\"async\" class=\"alignright size-medium wp-image-9815\" alt=\"Wittgenstein\" src=\"https:\/\/sven-ove.nu\/wp-content\/uploads\/2014\/10\/Wittgenstein-248x300.jpg\" width=\"248\" height=\"300\" srcset=\"https:\/\/sven-ove.nu\/wp-content\/uploads\/2014\/10\/Wittgenstein-248x300.jpg 248w, https:\/\/sven-ove.nu\/wp-content\/uploads\/2014\/10\/Wittgenstein-849x1024.jpg 849w, https:\/\/sven-ove.nu\/wp-content\/uploads\/2014\/10\/Wittgenstein.jpg 1224w\" sizes=\"auto, (max-width: 248px) 100vw, 248px\" \/><\/a>N\u00e4r jag nu f\u00f6rs\u00f6ker skriva den initierade ordleken &#8221;stegfel&#8221; om detta \u00e4ndrar datorn till &#8221;dreggel&#8221;. Ibland \u00e4r min snarstuckna lilldator bra lik vissa sm\u00e5vuxna \u00f6sterrikare fr\u00e5n m\u00e4nsklighetens tidigare historia. Han tror att han beh\u00e4rskar b\u00e5de logik och filosofi.<\/p>\n<p>Felsteg.<\/p>\n<p style=\"padding-left: 30px;\"><i>Under l\u00e4sande av Sten Andersson: Filosofen som inte ville tala \u2013 ett personligt portr\u00e4tt av Ludwig Wittgenstein.<\/i><\/p>\n","protected":false},"excerpt":{"rendered":"<p>Om det man inte kan tala m\u00e5ste man tiga, skrev han, \u00f6sterrikaren som flyttade till en klipphylla i Norge. Det b\u00e4sta i hans bok \u00e4r det som inte st\u00e5r d\u00e4r, tyckte han. N\u00e4st sista stycket handlar om att fatta att inget finns att fatta och sedan g\u00e5 vidare. Fast det s\u00e5g de inte. N\u00e4stan ingen &hellip; <a href=\"https:\/\/sven-ove.nu\/?p=9812\" class=\"more-link\">Forts\u00e4tt l\u00e4sa <span class=\"screen-reader-text\">&#8221;Det mystiska \u00e4r inte hur v\u00e4rlden \u00e4r utan att den \u00e4r&#8221;<\/span><\/a><\/p>\n","protected":false},"author":1,"featured_media":0,"comment_status":"open","ping_status":"open","sticky":false,"template":"","format":"standard","meta":{"_crdt_document":"","_monsterinsights_skip_tracking":false,"_monsterinsights_sitenote_active":false,"_monsterinsights_sitenote_note":"","_monsterinsights_sitenote_category":0,"footnotes":""},"categories":[4],"tags":[14,21],"class_list":["post-9812","post","type-post","status-publish","format-standard","hentry","category-skrivande","tag-lasning","tag-ord"],"_links":{"self":[{"href":"https:\/\/sven-ove.nu\/index.php?rest_route=\/wp\/v2\/posts\/9812","targetHints":{"allow":["GET"]}}],"collection":[{"href":"https:\/\/sven-ove.nu\/index.php?rest_route=\/wp\/v2\/posts"}],"about":[{"href":"https:\/\/sven-ove.nu\/index.php?rest_route=\/wp\/v2\/types\/post"}],"author":[{"embeddable":true,"href":"https:\/\/sven-ove.nu\/index.php?rest_route=\/wp\/v2\/users\/1"}],"replies":[{"embeddable":true,"href":"https:\/\/sven-ove.nu\/index.php?rest_route=%2Fwp%2Fv2%2Fcomments&post=9812"}],"version-history":[{"count":3,"href":"https:\/\/sven-ove.nu\/index.php?rest_route=\/wp\/v2\/posts\/9812\/revisions"}],"predecessor-version":[{"id":9816,"href":"https:\/\/sven-ove.nu\/index.php?rest_route=\/wp\/v2\/posts\/9812\/revisions\/9816"}],"wp:attachment":[{"href":"https:\/\/sven-ove.nu\/index.php?rest_route=%2Fwp%2Fv2%2Fmedia&parent=9812"}],"wp:term":[{"taxonomy":"category","embeddable":true,"href":"https:\/\/sven-ove.nu\/index.php?rest_route=%2Fwp%2Fv2%2Fcategories&post=9812"},{"taxonomy":"post_tag","embeddable":true,"href":"https:\/\/sven-ove.nu\/index.php?rest_route=%2Fwp%2Fv2%2Ftags&post=9812"}],"curies":[{"name":"wp","href":"https:\/\/api.w.org\/{rel}","templated":true}]}}