{"id":9817,"date":"2014-10-25T03:00:40","date_gmt":"2014-10-25T02:00:40","guid":{"rendered":"http:\/\/sven-ove.nu\/?p=9817"},"modified":"2014-10-23T10:46:55","modified_gmt":"2014-10-23T09:46:55","slug":"9817","status":"publish","type":"post","link":"https:\/\/sven-ove.nu\/?p=9817","title":{"rendered":"V\u00e4nsterns stridisar"},"content":{"rendered":"<p><a href=\"https:\/\/sven-ove.nu\/wp-content\/uploads\/2014\/10\/Fors.jpg\"><img loading=\"lazy\" decoding=\"async\" class=\"alignright size-large wp-image-9820\" alt=\"Fors\" src=\"https:\/\/sven-ove.nu\/wp-content\/uploads\/2014\/10\/Fors-1024x768.jpg\" width=\"640\" height=\"480\" srcset=\"https:\/\/sven-ove.nu\/wp-content\/uploads\/2014\/10\/Fors-1024x768.jpg 1024w, https:\/\/sven-ove.nu\/wp-content\/uploads\/2014\/10\/Fors-300x225.jpg 300w, https:\/\/sven-ove.nu\/wp-content\/uploads\/2014\/10\/Fors.jpg 1632w\" sizes=\"auto, (max-width: 640px) 100vw, 640px\" \/><\/a><\/p>\n<p>I lumpen fanns det <i>stridisar<\/i>. Det var de som tyckte b\u00e4ttre om kriget \u00e4n om f\u00f6rsvaret. B\u00e4ttre om vapnen \u00e4n om m\u00e4nniskorna dessa var till f\u00f6r att f\u00f6rsvara.<\/p>\n<p>V\u00e4nstern har ocks\u00e5 sina stridisar. Det \u00e4r de som hyllar det oprovocerade v\u00e5ldet i motdemonstrationen. De som \u00f6verr\u00f6star motst\u00e5ndarens talare n\u00e4r han har fel. De som h\u00e5nar och jublar n\u00e4r Jimmie \u00c5keson blir sjuk. De som skriver p\u00e5 Facebook att fascister inte \u00e4r m\u00e4nniskor.<\/p>\n<p>B\u00e5da sorterna \u00e4r lika farliga. Det \u00e4r inte kniven som ska vara mest slipad. Det \u00e4r den medm\u00e4nskliga hj\u00e4rnan. Ska jag lita p\u00e5 en politisk analys m\u00e5ste tanken bakom r\u00e4cka l\u00e4ngre \u00e4n j\u00e4rnr\u00f6ret, kn\u00f6lp\u00e5ken och batongen.<\/p>\n<p>Jag st\u00e5r p\u00e5 v\u00e4nstra sidan sj\u00e4lv. R\u00f6d och gr\u00f6n som grannens r\u00f6nn. \u00a0Men aldrig att du f\u00e5r mig att tro att den gl\u00f6dgade ondsinta argsintheten \u00e4r viktigare \u00e4n \u00f6msintheten.<\/p>\n<p>F\u00f6rsvarar oss g\u00f6r jag g\u00e4rna, fast jag g\u00f6r det f\u00f6r k\u00e4rlekens skull. Solidaritet handlar om folklig v\u00e4rme, inte kyla. Det handlar om bondf\u00f6rnuft, folkvett, gammal hederlig arbetarmoral.<\/p>\n<p>Avsky or\u00e4ttvisorna men hata inte m\u00e4nniskor.<br \/>\nS\u00e5dant hat \u00e4r f\u00f6r sm\u00e5sint folk. Det g\u00f6r ondast in\u00e5t.<\/p>\n","protected":false},"excerpt":{"rendered":"<p>I lumpen fanns det stridisar. Det var de som tyckte b\u00e4ttre om kriget \u00e4n om f\u00f6rsvaret. B\u00e4ttre om vapnen \u00e4n om m\u00e4nniskorna dessa var till f\u00f6r att f\u00f6rsvara. V\u00e4nstern har ocks\u00e5 sina stridisar. Det \u00e4r de som hyllar det oprovocerade v\u00e5ldet i motdemonstrationen. De som \u00f6verr\u00f6star motst\u00e5ndarens talare n\u00e4r han har fel. De som h\u00e5nar &hellip; <a href=\"https:\/\/sven-ove.nu\/?p=9817\" class=\"more-link\">Forts\u00e4tt l\u00e4sa <span class=\"screen-reader-text\">V\u00e4nsterns stridisar<\/span><\/a><\/p>\n","protected":false},"author":1,"featured_media":0,"comment_status":"open","ping_status":"open","sticky":false,"template":"","format":"standard","meta":{"_crdt_document":"","_monsterinsights_skip_tracking":false,"_monsterinsights_sitenote_active":false,"_monsterinsights_sitenote_note":"","_monsterinsights_sitenote_category":0,"footnotes":""},"categories":[9],"tags":[24,18,20,17],"class_list":["post-9817","post","type-post","status-publish","format-standard","hentry","category-politik","tag-karlek","tag-lardomar","tag-rad","tag-solidaritet"],"_links":{"self":[{"href":"https:\/\/sven-ove.nu\/index.php?rest_route=\/wp\/v2\/posts\/9817","targetHints":{"allow":["GET"]}}],"collection":[{"href":"https:\/\/sven-ove.nu\/index.php?rest_route=\/wp\/v2\/posts"}],"about":[{"href":"https:\/\/sven-ove.nu\/index.php?rest_route=\/wp\/v2\/types\/post"}],"author":[{"embeddable":true,"href":"https:\/\/sven-ove.nu\/index.php?rest_route=\/wp\/v2\/users\/1"}],"replies":[{"embeddable":true,"href":"https:\/\/sven-ove.nu\/index.php?rest_route=%2Fwp%2Fv2%2Fcomments&post=9817"}],"version-history":[{"count":7,"href":"https:\/\/sven-ove.nu\/index.php?rest_route=\/wp\/v2\/posts\/9817\/revisions"}],"predecessor-version":[{"id":9826,"href":"https:\/\/sven-ove.nu\/index.php?rest_route=\/wp\/v2\/posts\/9817\/revisions\/9826"}],"wp:attachment":[{"href":"https:\/\/sven-ove.nu\/index.php?rest_route=%2Fwp%2Fv2%2Fmedia&parent=9817"}],"wp:term":[{"taxonomy":"category","embeddable":true,"href":"https:\/\/sven-ove.nu\/index.php?rest_route=%2Fwp%2Fv2%2Fcategories&post=9817"},{"taxonomy":"post_tag","embeddable":true,"href":"https:\/\/sven-ove.nu\/index.php?rest_route=%2Fwp%2Fv2%2Ftags&post=9817"}],"curies":[{"name":"wp","href":"https:\/\/api.w.org\/{rel}","templated":true}]}}