{"id":984,"date":"2012-01-28T06:00:38","date_gmt":"2012-01-28T05:00:38","guid":{"rendered":"http:\/\/sven-ove.nu\/?p=984"},"modified":"2012-01-28T16:09:33","modified_gmt":"2012-01-28T15:09:33","slug":"rott-kort-till-regeringen","status":"publish","type":"post","link":"https:\/\/sven-ove.nu\/?p=984","title":{"rendered":"R\u00f6tt kort till regeringen"},"content":{"rendered":"<p>Ser i Nya Wermlands-Tidningen att min trevlige gamle arbetskamrat Jonny Ohlsson skriver om regionfr\u00e5gan. Han \u00e4r n\u00e4ringslivsreporter p\u00e5 tidningen och tycker inte om regeringens s\u00e4tt att hantera den fr\u00e5gan. R\u00f6tt kort till regeringen, skriver Jonny.<\/p>\n<p>S\u00e5 pass.<\/p>\n<p>Inte varje dag Nya Wermlands-Tidningen tycker att svenska folket ska utvisa Fredrik Reinfeldt och alla hans ministrar. Utvisa, m\u00e4rk v\u00e4l. S\u00e5dant vet en gammal hockeyskribent vad det betyder. R\u00f6tt kort \u00e4r det samma som utvisning i fotboll eller matchstraff p\u00e5 hockeyspr\u00e5k.<\/p>\n<p>Snart f\u00e5r vi se Fredrik p\u00e5 n\u00e5&#8217;t k\u00f6pcenter.<br \/>\nStrax bredvid rulltrappan.<br \/>\nNu b\u00f6rjar drevet.<\/p>\n<p>&nbsp;<\/p>\n<p><a href=\"http:\/\/www.alliansfrittsverige.nu\/2012\/01\/reinfeldts-grodor-hela-listan.html\" target=\"_blank\"><img loading=\"lazy\" decoding=\"async\" class=\"alignleft size-full wp-image-985\" title=\"matchstraff\" src=\"https:\/\/sven-ove.nu\/wp-content\/uploads\/2012\/01\/matchstraff.gif\" alt=\"\" width=\"89\" height=\"200\" \/><\/a><\/p>\n<p>&nbsp;<\/p>\n<p>&nbsp;<\/p>\n<p>&nbsp;<\/p>\n<p>&nbsp;<\/p>\n<p>&nbsp;<\/p>\n<p><em>Matchstraff.<\/em><\/p>\n","protected":false},"excerpt":{"rendered":"<p>Ser i Nya Wermlands-Tidningen att min trevlige gamle arbetskamrat Jonny Ohlsson skriver om regionfr\u00e5gan. Han \u00e4r n\u00e4ringslivsreporter p\u00e5 tidningen och tycker inte om regeringens s\u00e4tt att hantera den fr\u00e5gan. R\u00f6tt kort till regeringen, skriver Jonny. S\u00e5 pass. Inte varje dag Nya Wermlands-Tidningen tycker att svenska folket ska utvisa Fredrik Reinfeldt och alla hans ministrar. Utvisa, &hellip; <a href=\"https:\/\/sven-ove.nu\/?p=984\" class=\"more-link\">Forts\u00e4tt l\u00e4sa <span class=\"screen-reader-text\">R\u00f6tt kort till regeringen<\/span><\/a><\/p>\n","protected":false},"author":1,"featured_media":0,"comment_status":"open","ping_status":"open","sticky":false,"template":"","format":"standard","meta":{"_crdt_document":"","_monsterinsights_skip_tracking":false,"_monsterinsights_sitenote_active":false,"_monsterinsights_sitenote_note":"","_monsterinsights_sitenote_category":0,"footnotes":""},"categories":[9,4],"tags":[15,21],"class_list":["post-984","post","type-post","status-publish","format-standard","hentry","category-politik","category-skrivande","tag-mediedjungeln","tag-ord"],"_links":{"self":[{"href":"https:\/\/sven-ove.nu\/index.php?rest_route=\/wp\/v2\/posts\/984","targetHints":{"allow":["GET"]}}],"collection":[{"href":"https:\/\/sven-ove.nu\/index.php?rest_route=\/wp\/v2\/posts"}],"about":[{"href":"https:\/\/sven-ove.nu\/index.php?rest_route=\/wp\/v2\/types\/post"}],"author":[{"embeddable":true,"href":"https:\/\/sven-ove.nu\/index.php?rest_route=\/wp\/v2\/users\/1"}],"replies":[{"embeddable":true,"href":"https:\/\/sven-ove.nu\/index.php?rest_route=%2Fwp%2Fv2%2Fcomments&post=984"}],"version-history":[{"count":16,"href":"https:\/\/sven-ove.nu\/index.php?rest_route=\/wp\/v2\/posts\/984\/revisions"}],"predecessor-version":[{"id":988,"href":"https:\/\/sven-ove.nu\/index.php?rest_route=\/wp\/v2\/posts\/984\/revisions\/988"}],"wp:attachment":[{"href":"https:\/\/sven-ove.nu\/index.php?rest_route=%2Fwp%2Fv2%2Fmedia&parent=984"}],"wp:term":[{"taxonomy":"category","embeddable":true,"href":"https:\/\/sven-ove.nu\/index.php?rest_route=%2Fwp%2Fv2%2Fcategories&post=984"},{"taxonomy":"post_tag","embeddable":true,"href":"https:\/\/sven-ove.nu\/index.php?rest_route=%2Fwp%2Fv2%2Ftags&post=984"}],"curies":[{"name":"wp","href":"https:\/\/api.w.org\/{rel}","templated":true}]}}