{"id":9886,"date":"2014-10-30T03:00:17","date_gmt":"2014-10-30T02:00:17","guid":{"rendered":"http:\/\/sven-ove.nu\/?p=9886"},"modified":"2014-10-29T14:08:33","modified_gmt":"2014-10-29T13:08:33","slug":"smart-val","status":"publish","type":"post","link":"https:\/\/sven-ove.nu\/?p=9886","title":{"rendered":"Smart val"},"content":{"rendered":"<p><a href=\"https:\/\/sven-ove.nu\/wp-content\/uploads\/2014\/10\/B\u00e4r.jpg\"><img loading=\"lazy\" decoding=\"async\" class=\"alignright size-medium wp-image-9888\" alt=\"B\u00e4r\" src=\"https:\/\/sven-ove.nu\/wp-content\/uploads\/2014\/10\/B\u00e4r-300x267.jpg\" width=\"300\" height=\"267\" srcset=\"https:\/\/sven-ove.nu\/wp-content\/uploads\/2014\/10\/B\u00e4r-300x267.jpg 300w, https:\/\/sven-ove.nu\/wp-content\/uploads\/2014\/10\/B\u00e4r-1024x914.jpg 1024w\" sizes=\"auto, (max-width: 300px) 100vw, 300px\" \/><\/a>Det \u00e4r bara att erk\u00e4nna. Jag hoppas innerligt att det blir Anna Kinberg <a href=\"https:\/\/www.youtube.com\/watch?v=nM-ByPAD48w\">Batra<\/a> som moderaterna utser till sin nya partiledare.<\/p>\n<p>Varf\u00f6r s\u00e4ger jag inte.<br \/>\nHe he.<\/p>\n<p style=\"text-align: right;\"><em>Bilden f\u00f6rest\u00e4ller<br \/>\nett annat sorts b\u00e4r.<\/em><\/p>\n","protected":false},"excerpt":{"rendered":"<p>Det \u00e4r bara att erk\u00e4nna. Jag hoppas innerligt att det blir Anna Kinberg Batra som moderaterna utser till sin nya partiledare. Varf\u00f6r s\u00e4ger jag inte. He he. Bilden f\u00f6rest\u00e4ller ett annat sorts b\u00e4r.<\/p>\n","protected":false},"author":1,"featured_media":0,"comment_status":"open","ping_status":"open","sticky":false,"template":"","format":"standard","meta":{"_crdt_document":"","_monsterinsights_skip_tracking":false,"_monsterinsights_sitenote_active":false,"_monsterinsights_sitenote_note":"","_monsterinsights_sitenote_category":0,"footnotes":""},"categories":[9],"tags":[16,18],"class_list":["post-9886","post","type-post","status-publish","format-standard","hentry","category-politik","tag-dumheter","tag-lardomar"],"_links":{"self":[{"href":"https:\/\/sven-ove.nu\/index.php?rest_route=\/wp\/v2\/posts\/9886","targetHints":{"allow":["GET"]}}],"collection":[{"href":"https:\/\/sven-ove.nu\/index.php?rest_route=\/wp\/v2\/posts"}],"about":[{"href":"https:\/\/sven-ove.nu\/index.php?rest_route=\/wp\/v2\/types\/post"}],"author":[{"embeddable":true,"href":"https:\/\/sven-ove.nu\/index.php?rest_route=\/wp\/v2\/users\/1"}],"replies":[{"embeddable":true,"href":"https:\/\/sven-ove.nu\/index.php?rest_route=%2Fwp%2Fv2%2Fcomments&post=9886"}],"version-history":[{"count":3,"href":"https:\/\/sven-ove.nu\/index.php?rest_route=\/wp\/v2\/posts\/9886\/revisions"}],"predecessor-version":[{"id":9890,"href":"https:\/\/sven-ove.nu\/index.php?rest_route=\/wp\/v2\/posts\/9886\/revisions\/9890"}],"wp:attachment":[{"href":"https:\/\/sven-ove.nu\/index.php?rest_route=%2Fwp%2Fv2%2Fmedia&parent=9886"}],"wp:term":[{"taxonomy":"category","embeddable":true,"href":"https:\/\/sven-ove.nu\/index.php?rest_route=%2Fwp%2Fv2%2Fcategories&post=9886"},{"taxonomy":"post_tag","embeddable":true,"href":"https:\/\/sven-ove.nu\/index.php?rest_route=%2Fwp%2Fv2%2Ftags&post=9886"}],"curies":[{"name":"wp","href":"https:\/\/api.w.org\/{rel}","templated":true}]}}