{"id":9901,"date":"2014-11-01T03:00:05","date_gmt":"2014-11-01T02:00:05","guid":{"rendered":"http:\/\/sven-ove.nu\/?p=9901"},"modified":"2014-10-31T10:48:42","modified_gmt":"2014-10-31T09:48:42","slug":"nar-telefonoren-skulle-sluta-synda","status":"publish","type":"post","link":"https:\/\/sven-ove.nu\/?p=9901","title":{"rendered":"N\u00e4r Telefon\u00f6ren skulle sluta synda"},"content":{"rendered":"<p><a href=\"https:\/\/sven-ove.nu\/wp-content\/uploads\/2014\/11\/Fisk-th-smal.jpg\"><img loading=\"lazy\" decoding=\"async\" class=\"alignright size-large wp-image-9903\" alt=\"Fisk th smal\" src=\"https:\/\/sven-ove.nu\/wp-content\/uploads\/2014\/11\/Fisk-th-smal-1024x488.jpg\" width=\"640\" height=\"305\" srcset=\"https:\/\/sven-ove.nu\/wp-content\/uploads\/2014\/11\/Fisk-th-smal-1024x488.jpg 1024w, https:\/\/sven-ove.nu\/wp-content\/uploads\/2014\/11\/Fisk-th-smal-300x143.jpg 300w\" sizes=\"auto, (max-width: 640px) 100vw, 640px\" \/><\/a><\/p>\n<p>Telefon\u00f6ren ringer. Jas\u00e5 du ska synda ser jag, s\u00e4ger han. Du st\u00e5r till f\u00f6rfogande.<br \/>\n&#8211; Det var ett sk\u00e4mt, svarar jag.<br \/>\n&#8211; Jag f\u00f6rst\u00e5r hur du t\u00e4nker, forts\u00e4tter han. Sj\u00e4lv t\u00e4nkte jag tv\u00e4rt om ett tag, men det sprack.<br \/>\n&#8211; Hur d\u00e5?<br \/>\n&#8211; Vad jag \u00e4n kom p\u00e5 f\u00f6r ful ovana som jag borde sluta med s\u00e5 sa mitt samvete tydligt: &#8221;det \u00e4r synd&#8221;. Jag fick l\u00e5ta bli.<\/p>\n<p>N\u00e4r han h\u00f6r att jag inte fattar ordleken muttrar han en stund och rotar med n\u00e5gonting hemma i k\u00f6ket.<br \/>\n&#8211; Du har ingen humor Svensson, s\u00e4ger han. Inte begrep du dig p\u00e5 Anna Kinberg Batras ironi heller.<br \/>\n&#8211; Ironi?!<br \/>\n&#8211; Det fattar du v\u00e4l att det var ironi. N\u00e4r hon sa att stockholmare \u00e4r smartare \u00e4n lantisar.<\/p>\n<p><a href=\"https:\/\/sven-ove.nu\/wp-content\/uploads\/2014\/11\/Fisk-tv-kvadrat.jpg\"><img loading=\"lazy\" decoding=\"async\" class=\"size-thumbnail wp-image-9905 alignleft\" alt=\"Fisk tv kvadrat\" src=\"https:\/\/sven-ove.nu\/wp-content\/uploads\/2014\/11\/Fisk-tv-kvadrat-150x150.jpg\" width=\"150\" height=\"150\" \/><\/a>D\u00e5 blir jag ilsk. Jag s\u00e5g och h\u00f6rde sannerligen ingen ironi 1998, n\u00e4r Batra gjorde sitt uttalande. Den h\u00f6rs fortfarande inte p\u00e5 repriserna. Ironi? Pfff\u2026<br \/>\n&#8211; Men det kvittar, forts\u00e4tter jag, medan Telefon\u00f6ren steker sin falukorv. Folkf\u00f6rakt \u00e4r folkf\u00f6rakt, \u00e4ven om du g\u00f6mmer den bakom d\u00e5lig ironi.<\/p>\n<p>D\u00e4r fick du till det, mumlar han. Fast n\u00e5n humor har du inte. <span style=\"text-decoration: underline;\">Det<\/span> \u00e4r synd.<\/p>\n<p>Klick.<i><\/i><\/p>\n","protected":false},"excerpt":{"rendered":"<p>Telefon\u00f6ren ringer. Jas\u00e5 du ska synda ser jag, s\u00e4ger han. Du st\u00e5r till f\u00f6rfogande. &#8211; Det var ett sk\u00e4mt, svarar jag. &#8211; Jag f\u00f6rst\u00e5r hur du t\u00e4nker, forts\u00e4tter han. Sj\u00e4lv t\u00e4nkte jag tv\u00e4rt om ett tag, men det sprack. &#8211; Hur d\u00e5? &#8211; Vad jag \u00e4n kom p\u00e5 f\u00f6r ful ovana som jag borde sluta &hellip; <a href=\"https:\/\/sven-ove.nu\/?p=9901\" class=\"more-link\">Forts\u00e4tt l\u00e4sa <span class=\"screen-reader-text\">N\u00e4r Telefon\u00f6ren skulle sluta synda<\/span><\/a><\/p>\n","protected":false},"author":1,"featured_media":0,"comment_status":"open","ping_status":"open","sticky":false,"template":"","format":"standard","meta":{"_crdt_document":"","_monsterinsights_skip_tracking":false,"_monsterinsights_sitenote_active":false,"_monsterinsights_sitenote_note":"","_monsterinsights_sitenote_category":0,"footnotes":""},"categories":[9],"tags":[16,18,14,13],"class_list":["post-9901","post","type-post","status-publish","format-standard","hentry","category-politik","tag-dumheter","tag-lardomar","tag-lasning","tag-utrustning"],"_links":{"self":[{"href":"https:\/\/sven-ove.nu\/index.php?rest_route=\/wp\/v2\/posts\/9901","targetHints":{"allow":["GET"]}}],"collection":[{"href":"https:\/\/sven-ove.nu\/index.php?rest_route=\/wp\/v2\/posts"}],"about":[{"href":"https:\/\/sven-ove.nu\/index.php?rest_route=\/wp\/v2\/types\/post"}],"author":[{"embeddable":true,"href":"https:\/\/sven-ove.nu\/index.php?rest_route=\/wp\/v2\/users\/1"}],"replies":[{"embeddable":true,"href":"https:\/\/sven-ove.nu\/index.php?rest_route=%2Fwp%2Fv2%2Fcomments&post=9901"}],"version-history":[{"count":4,"href":"https:\/\/sven-ove.nu\/index.php?rest_route=\/wp\/v2\/posts\/9901\/revisions"}],"predecessor-version":[{"id":9912,"href":"https:\/\/sven-ove.nu\/index.php?rest_route=\/wp\/v2\/posts\/9901\/revisions\/9912"}],"wp:attachment":[{"href":"https:\/\/sven-ove.nu\/index.php?rest_route=%2Fwp%2Fv2%2Fmedia&parent=9901"}],"wp:term":[{"taxonomy":"category","embeddable":true,"href":"https:\/\/sven-ove.nu\/index.php?rest_route=%2Fwp%2Fv2%2Fcategories&post=9901"},{"taxonomy":"post_tag","embeddable":true,"href":"https:\/\/sven-ove.nu\/index.php?rest_route=%2Fwp%2Fv2%2Ftags&post=9901"}],"curies":[{"name":"wp","href":"https:\/\/api.w.org\/{rel}","templated":true}]}}