{"id":9930,"date":"2014-11-06T03:00:06","date_gmt":"2014-11-06T02:00:06","guid":{"rendered":"http:\/\/sven-ove.nu\/?p=9930"},"modified":"2014-11-05T19:12:04","modified_gmt":"2014-11-05T18:12:04","slug":"en-dag-att-minnas-2","status":"publish","type":"post","link":"https:\/\/sven-ove.nu\/?p=9930","title":{"rendered":"En dag att minnas"},"content":{"rendered":"<div class=\"entry-content\">\n<p><a href=\"https:\/\/sven-ove.nu\/wp-content\/uploads\/2013\/11\/August-Palm.jpg\"><img loading=\"lazy\" decoding=\"async\" class=\"alignright size-medium wp-image-7385\" src=\"https:\/\/sven-ove.nu\/wp-content\/uploads\/2013\/11\/August-Palm-201x300.jpg\" alt=\"August Palm\" width=\"201\" height=\"300\" srcset=\"https:\/\/sven-ove.nu\/wp-content\/uploads\/2013\/11\/August-Palm-201x300.jpg 201w, https:\/\/sven-ove.nu\/wp-content\/uploads\/2013\/11\/August-Palm.jpg 323w\" sizes=\"auto, (max-width: 201px) 100vw, 201px\" \/><\/a>I dag \u00e4r det \u00e5rsdag igen. Sj\u00e4lv \u00e4r jag s\u00e5 gammal att jag fick l\u00e4ra mig datumet f\u00f6r Gustav II Adolfs d\u00f6d i slaget vid L\u00fctzen i skolan.<\/p>\n<p>Det \u00e4r inte honom jag t\u00e4nker p\u00e5. Det \u00e4r en fattig skr\u00e4ddare som kom tillbaka hem till Sverige, efter att ha varit p\u00e5 ges\u00e4llvandring i Danmark och Tyskland och snappat upp de nya id\u00e9erna. Den 6 november 1881 h\u00f6ll han det f\u00f6rsta socialistiska f\u00f6redraget i Sverige:\u00a0<a href=\"http:\/\/www.arbark.se\/2009\/11\/hvad-vil-sosial-demokraterna\/\">Hvad vill socialdemokraterna<\/a>?<\/p>\n<p>\u00c4t\u00a0<b>August Palm<\/b>-bakelser och fundera \u00f6ver svaret. Hvad vilja?<\/p>\n<p style=\"text-align: right;\"><em>August Palm.<\/em><br \/>\n<em>(Repris fr\u00e5n 6 november 2013).<\/em><\/p>\n<\/div>\n","protected":false},"excerpt":{"rendered":"<p>I dag \u00e4r det \u00e5rsdag igen. Sj\u00e4lv \u00e4r jag s\u00e5 gammal att jag fick l\u00e4ra mig datumet f\u00f6r Gustav II Adolfs d\u00f6d i slaget vid L\u00fctzen i skolan. Det \u00e4r inte honom jag t\u00e4nker p\u00e5. Det \u00e4r en fattig skr\u00e4ddare som kom tillbaka hem till Sverige, efter att ha varit p\u00e5 ges\u00e4llvandring i Danmark och &hellip; <a href=\"https:\/\/sven-ove.nu\/?p=9930\" class=\"more-link\">Forts\u00e4tt l\u00e4sa <span class=\"screen-reader-text\">En dag att minnas<\/span><\/a><\/p>\n","protected":false},"author":1,"featured_media":0,"comment_status":"open","ping_status":"open","sticky":false,"template":"","format":"standard","meta":{"_crdt_document":"","_monsterinsights_skip_tracking":false,"_monsterinsights_sitenote_active":false,"_monsterinsights_sitenote_note":"","_monsterinsights_sitenote_category":0,"footnotes":""},"categories":[9],"tags":[8,17],"class_list":["post-9930","post","type-post","status-publish","format-standard","hentry","category-politik","tag-historia","tag-solidaritet"],"_links":{"self":[{"href":"https:\/\/sven-ove.nu\/index.php?rest_route=\/wp\/v2\/posts\/9930","targetHints":{"allow":["GET"]}}],"collection":[{"href":"https:\/\/sven-ove.nu\/index.php?rest_route=\/wp\/v2\/posts"}],"about":[{"href":"https:\/\/sven-ove.nu\/index.php?rest_route=\/wp\/v2\/types\/post"}],"author":[{"embeddable":true,"href":"https:\/\/sven-ove.nu\/index.php?rest_route=\/wp\/v2\/users\/1"}],"replies":[{"embeddable":true,"href":"https:\/\/sven-ove.nu\/index.php?rest_route=%2Fwp%2Fv2%2Fcomments&post=9930"}],"version-history":[{"count":5,"href":"https:\/\/sven-ove.nu\/index.php?rest_route=\/wp\/v2\/posts\/9930\/revisions"}],"predecessor-version":[{"id":9954,"href":"https:\/\/sven-ove.nu\/index.php?rest_route=\/wp\/v2\/posts\/9930\/revisions\/9954"}],"wp:attachment":[{"href":"https:\/\/sven-ove.nu\/index.php?rest_route=%2Fwp%2Fv2%2Fmedia&parent=9930"}],"wp:term":[{"taxonomy":"category","embeddable":true,"href":"https:\/\/sven-ove.nu\/index.php?rest_route=%2Fwp%2Fv2%2Fcategories&post=9930"},{"taxonomy":"post_tag","embeddable":true,"href":"https:\/\/sven-ove.nu\/index.php?rest_route=%2Fwp%2Fv2%2Ftags&post=9930"}],"curies":[{"name":"wp","href":"https:\/\/api.w.org\/{rel}","templated":true}]}}